{"id":997,"date":"2018-06-01T15:28:15","date_gmt":"2018-06-01T15:28:15","guid":{"rendered":"http:\/\/www.goldstadt-tv.de\/?p=997"},"modified":"2018-06-01T15:28:15","modified_gmt":"2018-06-01T15:28:15","slug":"pforzheim-unfall-mit-4-fahrzeugen-auf-der-gueterstrasse-01-06-2018","status":"publish","type":"post","link":"http:\/\/www.goldstadt-tv.de\/index.php\/2018\/06\/01\/pforzheim-unfall-mit-4-fahrzeugen-auf-der-gueterstrasse-01-06-2018\/","title":{"rendered":"Pforzheim: Unfall mit 4 Fahrzeugen auf der G\u00fcterstra\u00dfe &#8211; 01.06.2018"},"content":{"rendered":"<p>Eine leicht verletzte Person sowie ein  Sachschaden in H\u00f6he von insgesamt etwa 12.000 Euro sind die Bilanz  eines Verkehrsunfalls zwischen vier Fahrzeugen, der sich heute Vormittag auf der G\u00fcterstra\u00dfe ereignete.<br \/>\nNach den bisherigen Erkenntnissen der Verkehrspolizei befuhr der  69-j\u00e4hrige Fahrer eines BMWs kurz nach 10:30 Uhr die Rudolfstra\u00dfe in  s\u00fcdlicher Richtung und wollte nach links in die G\u00fcterstra\u00dfe abbiegen. Dabei \u00fcbersah er offenbar den von rechts herannahenden Renault einer  26-J\u00e4hrigen, worauf es im Einm\u00fcndungsbereich zur Kollision zwischen den beiden Fahrzeugen kam. <\/p>\n<p>Durch die Wucht des Aufpralls wurde der  Renault gedreht und kollidierte in der Folge zudem mit zwei  entgegenkommenden Fahrzeugen.<\/p>\n<p>Die 26-j\u00e4hrige Fahrerin des Renaults erlitt durch den  Unfallhergang leichte Verletzungen, der 69-j\u00e4hrige Unfallverursacher  sowie die weiteren Beteiligten blieben unverletzt.<br \/>\nDie G\u00fcterstra\u00dfe war aufgrund der Unfall- sowie Einsatzfahrzeugen f\u00fcr die zeit der Unfallaufnahme vor\u00fcbergehend in beide Richtungen gesperrt. pm\/igm<\/p>\n<p><a data-flickr-embed=\"true\"  href=\"https:\/\/www.flickr.com\/photos\/goldstadttv\/albums\/72157695796571661\" title=\"Pforzheim: VU - G\u00fcterstra\u00dfe - 01.06.2018\"><img loading=\"lazy\" decoding=\"async\" src=\"https:\/\/farm2.staticflickr.com\/1737\/41774031544_2c4562ea08_k.jpg\" width=\"2048\" height=\"1365\" alt=\"Pforzheim: VU - G\u00fcterstra\u00dfe - 01.06.2018\"><\/a><script async src=\"\/\/embedr.flickr.com\/assets\/client-code.js\" charset=\"utf-8\"><\/script><\/p>\n","protected":false},"excerpt":{"rendered":"<p>Eine leicht verletzte Person sowie ein Sachschaden in H\u00f6he von insgesamt etwa 12.000 Euro sind die Bilanz eines Verkehrsunfalls zwischen<\/p>\n","protected":false},"author":1,"featured_media":998,"comment_status":"open","ping_status":"open","sticky":false,"template":"","format":"standard","meta":{"_monsterinsights_skip_tracking":false,"_monsterinsights_sitenote_active":false,"_monsterinsights_sitenote_note":"","_monsterinsights_sitenote_category":0,"footnotes":""},"categories":[42,40,88],"tags":[926,158,281,44,927,925,83],"_links":{"self":[{"href":"http:\/\/www.goldstadt-tv.de\/index.php\/wp-json\/wp\/v2\/posts\/997"}],"collection":[{"href":"http:\/\/www.goldstadt-tv.de\/index.php\/wp-json\/wp\/v2\/posts"}],"about":[{"href":"http:\/\/www.goldstadt-tv.de\/index.php\/wp-json\/wp\/v2\/types\/post"}],"author":[{"embeddable":true,"href":"http:\/\/www.goldstadt-tv.de\/index.php\/wp-json\/wp\/v2\/users\/1"}],"replies":[{"embeddable":true,"href":"http:\/\/www.goldstadt-tv.de\/index.php\/wp-json\/wp\/v2\/comments?post=997"}],"version-history":[{"count":1,"href":"http:\/\/www.goldstadt-tv.de\/index.php\/wp-json\/wp\/v2\/posts\/997\/revisions"}],"predecessor-version":[{"id":999,"href":"http:\/\/www.goldstadt-tv.de\/index.php\/wp-json\/wp\/v2\/posts\/997\/revisions\/999"}],"wp:featuredmedia":[{"embeddable":true,"href":"http:\/\/www.goldstadt-tv.de\/index.php\/wp-json\/wp\/v2\/media\/998"}],"wp:attachment":[{"href":"http:\/\/www.goldstadt-tv.de\/index.php\/wp-json\/wp\/v2\/media?parent=997"}],"wp:term":[{"taxonomy":"category","embeddable":true,"href":"http:\/\/www.goldstadt-tv.de\/index.php\/wp-json\/wp\/v2\/categories?post=997"},{"taxonomy":"post_tag","embeddable":true,"href":"http:\/\/www.goldstadt-tv.de\/index.php\/wp-json\/wp\/v2\/tags?post=997"}],"curies":[{"name":"wp","href":"https:\/\/api.w.org\/{rel}","templated":true}]}}