{"id":985,"date":"2018-05-26T17:00:27","date_gmt":"2018-05-26T17:00:27","guid":{"rendered":"http:\/\/www.goldstadt-tv.de\/?p=985"},"modified":"2018-05-26T17:00:27","modified_gmt":"2018-05-26T17:00:27","slug":"pforzheim-tier-vors-auto-gerannt-pkw-faehrt-in-abgestellten-lkw-auflieger-26-05-2018","status":"publish","type":"post","link":"http:\/\/www.goldstadt-tv.de\/index.php\/2018\/05\/26\/pforzheim-tier-vors-auto-gerannt-pkw-faehrt-in-abgestellten-lkw-auflieger-26-05-2018\/","title":{"rendered":"Pforzheim: Tier vors Auto gerannt \u2013 PKW f\u00e4hrt in abgestellten LKW-Auflieger &#8211; 26.05.2018"},"content":{"rendered":"<p>Weil wohl spontan ein Tier vor das Auto rannte, kam es in der Stra\u00dfe \u201eIm Altgef\u00e4ll\u201c am Samstagnachmittag gegen 16:15 Uhr zu einem Verkehrsunfall.,<\/p>\n<p>Ein PKW-Fahrer befuhr die Stra\u00dfe Im Altgef\u00e4ll aus Richtung des Industriegebiets in Richtung der Wurmbergerstra\u00dfe, als in H\u00f6he des dortigen Feuerwehrhauses ihm ein Tier auf die Stra\u00dfe rannte.<\/p>\n<p>Um eine Kollision mit dem Tier, vermutlich einem Reh, zu vermeiden, wich der Fordfahrer nach rechts aus und prallte mit seinem Fahrzeug auf den Auflieger auf der Stra\u00dfenseite geparkten LKW. Dabei durchbrach das Eck des Aufliegers die Windschutzscheibe des PKW und ragte auf der Beifahrerseite in den Innenraum des Autos. Zudem wurde der LKW-Auflieger besch\u00e4digt.<\/p>\n<p>Der erste Vorsitzender sowie ein Reitlehrer des in der N\u00e4he befindenden Reitvereins h\u00f6rte den heftigen Knall und eilten zur Hilfe. Sie alarmierten die Rettungskr\u00e4fte, verst\u00e4ndigten die Spedition und k\u00fcmmerten sich um den verunfallten Fahrer.<\/p>\n<p>Der PKW-Fahrer wurde bei dem Unfall gl\u00fccklicherweise nach den ersten Informationen nur leicht verletzt. Sein Fahrzeug war jedoch nach dem Unfall nicht mehr fahrbereit und musste abgeschleppt werden.<\/p>\n<p><a data-flickr-embed=\"true\"  href=\"https:\/\/www.flickr.com\/photos\/goldstadttv\/albums\/72157697282553405\" title=\"Pforzheim: VU - Im Altgef\u00e4ll - 26.05.2018\"><img loading=\"lazy\" decoding=\"async\" src=\"https:\/\/farm2.staticflickr.com\/1760\/42367638931_217135a1eb_k.jpg\" width=\"2048\" height=\"1365\" alt=\"Pforzheim: VU - Im Altgef\u00e4ll - 26.05.2018\"><\/a><script async src=\"\/\/embedr.flickr.com\/assets\/client-code.js\" charset=\"utf-8\"><\/script><\/p>\n","protected":false},"excerpt":{"rendered":"<p>Weil wohl spontan ein Tier vor das Auto rannte, kam es in der Stra\u00dfe \u201eIm Altgef\u00e4ll\u201c am Samstagnachmittag gegen 16:15<\/p>\n","protected":false},"author":1,"featured_media":986,"comment_status":"open","ping_status":"open","sticky":false,"template":"","format":"standard","meta":{"_monsterinsights_skip_tracking":false,"_monsterinsights_sitenote_active":false,"_monsterinsights_sitenote_note":"","_monsterinsights_sitenote_category":0,"footnotes":""},"categories":[42,40,88],"tags":[915,914,46,306,44,913,83],"_links":{"self":[{"href":"http:\/\/www.goldstadt-tv.de\/index.php\/wp-json\/wp\/v2\/posts\/985"}],"collection":[{"href":"http:\/\/www.goldstadt-tv.de\/index.php\/wp-json\/wp\/v2\/posts"}],"about":[{"href":"http:\/\/www.goldstadt-tv.de\/index.php\/wp-json\/wp\/v2\/types\/post"}],"author":[{"embeddable":true,"href":"http:\/\/www.goldstadt-tv.de\/index.php\/wp-json\/wp\/v2\/users\/1"}],"replies":[{"embeddable":true,"href":"http:\/\/www.goldstadt-tv.de\/index.php\/wp-json\/wp\/v2\/comments?post=985"}],"version-history":[{"count":1,"href":"http:\/\/www.goldstadt-tv.de\/index.php\/wp-json\/wp\/v2\/posts\/985\/revisions"}],"predecessor-version":[{"id":987,"href":"http:\/\/www.goldstadt-tv.de\/index.php\/wp-json\/wp\/v2\/posts\/985\/revisions\/987"}],"wp:featuredmedia":[{"embeddable":true,"href":"http:\/\/www.goldstadt-tv.de\/index.php\/wp-json\/wp\/v2\/media\/986"}],"wp:attachment":[{"href":"http:\/\/www.goldstadt-tv.de\/index.php\/wp-json\/wp\/v2\/media?parent=985"}],"wp:term":[{"taxonomy":"category","embeddable":true,"href":"http:\/\/www.goldstadt-tv.de\/index.php\/wp-json\/wp\/v2\/categories?post=985"},{"taxonomy":"post_tag","embeddable":true,"href":"http:\/\/www.goldstadt-tv.de\/index.php\/wp-json\/wp\/v2\/tags?post=985"}],"curies":[{"name":"wp","href":"https:\/\/api.w.org\/{rel}","templated":true}]}}