{"id":981,"date":"2018-05-11T12:01:20","date_gmt":"2018-05-11T12:01:20","guid":{"rendered":"http:\/\/www.goldstadt-tv.de\/?p=981"},"modified":"2018-05-11T12:01:20","modified_gmt":"2018-05-11T12:01:20","slug":"pforzheim-grosssuche-nach-vermissten-person-im-kanzlerwald-10-05-2018","status":"publish","type":"post","link":"http:\/\/www.goldstadt-tv.de\/index.php\/2018\/05\/11\/pforzheim-grosssuche-nach-vermissten-person-im-kanzlerwald-10-05-2018\/","title":{"rendered":"Pforzheim: Gro\u00dfsuche nach vermissten Person im Kanzlerwald &#8211; 10.05.2018"},"content":{"rendered":"<p>Nachdem die Suche nach einem vermissten 41 j\u00e4hrigen Mann mit Hilfe der Polizei auf dem Land und aus der Luft, wurde ab dem Morgen des  Vatertags erneut mit einer gro\u00dfen Anzahl von Helfern nach dem auf Medikamente angewiesenen Mann gesucht.<\/p>\n<p>Zahlreiche Helfer der Rettungshundestaffel des DRK Pforzheim versammelten sich an dem letzten Sichtpunkt des Mannes, beim r\u00f6mischen Gutshof im Kanzlerwald. Da das Suchgebiet ziemlich gro\u00df ist, wurden zahlreiche Helfer anderer Einheiten zur Unterst\u00fctzung angefordert, so auch die Einheiten des Bundesverbandes Rettungshunde.<br \/>\nHelfer der DRK Ortsvereins Pforzheim unterst\u00fctzen die Rettungshundef\u00fchrer bei der Suche. Derzeit sind die Einheiten immer noch im Einsatz. Die Sucheinheiten laufen entlang der Stra\u00dfen im Wald, sowie aber auch mitten durch den Wald, in der Hoffnung, den vermissten zu finden.<\/p>\n<p>Der in Pforzheim wohnende 41-j\u00e4hrige Dietmar O. leidet unter einer psychischen Erkrankung und ist auf die Medikamente angewiesen. Angeh\u00f6rige erstatteten am Mittwochvormittag eine Vermisstenanzeige, nachdem der 41-J\u00e4hrige gegen 9.15 Uhr im &#8222;Kanzlerwald&#8220;, im Bereich des r\u00f6mischen Gutshofes, gesehen wurde und fl\u00fcchtete.<\/p>\n<p>Die stundenlange Suche Endete zum Gl\u00fcck mit einem Erfolg: Die Suchkr\u00e4fte konnten den vermissten Mann im Wald finden und dem Rettungsdienst \u00fcbergeben.<\/p>\n<p><a data-flickr-embed=\"true\"  href=\"https:\/\/www.flickr.com\/photos\/goldstadttv\/albums\/72157693554631832\" title=\"Pforzheim: Personensuche Kanzlerwald - 10.05.2018\"><img loading=\"lazy\" decoding=\"async\" src=\"https:\/\/farm1.staticflickr.com\/949\/27166205887_7a0146d207_k.jpg\" width=\"2048\" height=\"1365\" alt=\"Pforzheim: Personensuche Kanzlerwald - 10.05.2018\"><\/a><script async src=\"\/\/embedr.flickr.com\/assets\/client-code.js\" charset=\"utf-8\"><\/script><\/p>\n","protected":false},"excerpt":{"rendered":"<p>Nachdem die Suche nach einem vermissten 41 j\u00e4hrigen Mann mit Hilfe der Polizei auf dem Land und aus der Luft,<\/p>\n","protected":false},"author":1,"featured_media":982,"comment_status":"open","ping_status":"open","sticky":false,"template":"","format":"standard","meta":{"_monsterinsights_skip_tracking":false,"_monsterinsights_sitenote_active":false,"_monsterinsights_sitenote_note":"","_monsterinsights_sitenote_category":0,"footnotes":""},"categories":[42,40],"tags":[912,909,582,44,911,910],"_links":{"self":[{"href":"http:\/\/www.goldstadt-tv.de\/index.php\/wp-json\/wp\/v2\/posts\/981"}],"collection":[{"href":"http:\/\/www.goldstadt-tv.de\/index.php\/wp-json\/wp\/v2\/posts"}],"about":[{"href":"http:\/\/www.goldstadt-tv.de\/index.php\/wp-json\/wp\/v2\/types\/post"}],"author":[{"embeddable":true,"href":"http:\/\/www.goldstadt-tv.de\/index.php\/wp-json\/wp\/v2\/users\/1"}],"replies":[{"embeddable":true,"href":"http:\/\/www.goldstadt-tv.de\/index.php\/wp-json\/wp\/v2\/comments?post=981"}],"version-history":[{"count":1,"href":"http:\/\/www.goldstadt-tv.de\/index.php\/wp-json\/wp\/v2\/posts\/981\/revisions"}],"predecessor-version":[{"id":983,"href":"http:\/\/www.goldstadt-tv.de\/index.php\/wp-json\/wp\/v2\/posts\/981\/revisions\/983"}],"wp:featuredmedia":[{"embeddable":true,"href":"http:\/\/www.goldstadt-tv.de\/index.php\/wp-json\/wp\/v2\/media\/982"}],"wp:attachment":[{"href":"http:\/\/www.goldstadt-tv.de\/index.php\/wp-json\/wp\/v2\/media?parent=981"}],"wp:term":[{"taxonomy":"category","embeddable":true,"href":"http:\/\/www.goldstadt-tv.de\/index.php\/wp-json\/wp\/v2\/categories?post=981"},{"taxonomy":"post_tag","embeddable":true,"href":"http:\/\/www.goldstadt-tv.de\/index.php\/wp-json\/wp\/v2\/tags?post=981"}],"curies":[{"name":"wp","href":"https:\/\/api.w.org\/{rel}","templated":true}]}}