{"id":96,"date":"2015-09-07T20:58:05","date_gmt":"2015-09-07T20:58:05","guid":{"rendered":"http:\/\/www.goldstadt-tv.de\/?p=96"},"modified":"2015-09-07T21:02:14","modified_gmt":"2015-09-07T21:02:14","slug":"empfang-fuer-teilnehmende-der-radtouristikfahrt-nancy-karlsruhe","status":"publish","type":"post","link":"http:\/\/www.goldstadt-tv.de\/index.php\/2015\/09\/07\/empfang-fuer-teilnehmende-der-radtouristikfahrt-nancy-karlsruhe\/","title":{"rendered":"Empfang f\u00fcr Teilnehmende der Radtouristikfahrt Nancy-Karlsruhe"},"content":{"rendered":"<p>Die St\u00e4dte\u00adpar\u00adt\u00ad\u00adner\u00ad\u00adschafts &#8211; Radtou\u00adris\u00adti\u00adk\u00ad-\/Etap\u00ad\u00adpen\u00adfahr\u00adt\u00adfahr\u00adt Nancy-Karlsruhe fand am 5. und 6. September 2015 statt. Das Event wurde von der Radspor\u00adt\u00ad\u00ad\u00ad\u00ad\u00ad\u00ad\u00adge\u00ad\u00ad\u00ad\u00ad\u00ad\u00ad\u00admein\u00ad\u00ad\u00ad\u00ad\u00ad\u00ad\u00adschaft (RSG) Karlsruhe und dem ASPTT Nancy mit orga\u00ad\u00ad\u00ad\u00ad\u00ad\u00adni\u00adsa\u00adto\u00adri\u00ad\u00ad\u00ad\u00ad\u00ad\u00ad\u00adscher Unter\u00ad\u00ad\u00ad\u00ad\u00ad\u00ad\u00adst\u00fct\u00ad\u00ad\u00ad\u00ad\u00ad\u00ad\u00adzung durch die St\u00e4dte Karls\u00adru\u00adhe und Nancy ver\u00adan\u00ad\u00ad\u00ad\u00ad\u00ad\u00ad\u00adstal\u00adtet.<\/p>\n<p>Nachdem die RTF in den letzten Jahren \u00fcber eine gro\u00dfe Runde von Karlsruhe nach Baerenthal und zur\u00fcck f\u00fchrte, war in 2015 wieder die lothrin\u00ad\u00adgi\u00ad\u00adsche Stadt Nancy, mit der Karlsruhe seit 1955 eine St\u00e4dte\u00adpar\u00adt\u00ad\u00adner\u00ad\u00adschaft pflegt, Ausgangs\u00ad\u00adpunkt der Fahrt.<\/p>\n<p>Die insgesamt 255 KM lange Strecke verteiltw sich dabei auf zwei Etappen:<\/p>\n<p>Die erste Etappe f\u00fchrte von Nancy \u00fcber 150 Km entlang dem &#8222;Canal de la Marne au Rhin&#8220; und durch den Naturpark &#8222;Parc naturel r\u00e9gional de Lorraine&#8220; auf das lothrin\u00ad\u00adgi\u00ad\u00adsche Hochpla\u00adteau. Von dort ging es weiter in die Nord\u00advo\u00ad\u00ad\u00ad\u00ad\u00ad\u00ad\u00adge\u00ad\u00ad\u00ad\u00ad\u00ad\u00ad\u00adsen nach Baerenthal, wo das erste Etappen\u00ad\u00adziel erreicht wurde.<\/p>\n<p>In Baerenthal \u00fcbernach\u00adteten die Teilneh\u00ad\u00admen\u00ad\u00adden in der dortigen Jugenfrei\u00ad\u00ad\u00adzeit- und Bildungs\u00adst\u00e4tte. In gem\u00fct\u00adli\u00adcher Atmosph\u00e4re wurde die deutsch-franz\u00f6\u00adsi\u00adsche Freun\u00add\u00ad\u00adschaft bei Speis und Trank gefeiert. Der Tag fand mit einem kleinen Unter\u00adhal\u00adtungs\u00ad\u00adpro\u00ad\u00adgramm und einem Feuerwerk seinen Abschluss.<\/p>\n<p>Nach einem ausgie\u00ad\u00adbi\u00ad\u00adgen Fr\u00fchst\u00fcck ging es am Folgetag weiter mit der zweiten Etappe. Die Strecke f\u00fchrte von Baerenthal aus weiter durch die Nordvo\u00ad\u00adge\u00ad\u00adsen hinunter in die Rheinebene. Hier wurde der Bienwald durch- und kurz darauf der Rhein \u00fcberquert. Bei KM 105 war bereits das Ziel in Karlsruhe erreicht, wo B\u00fcrgermeister Klaus Stapf die \u00fcber 300 Radfahrer in der Gastst\u00e4tte des SVK Beiertheim empfangen hat. <\/p>\n<p><a data-flickr-embed=\"true\"  href=\"https:\/\/www.flickr.com\/photos\/goldstadttv\/albums\/72157657901707520\" title=\"Karlsruhe: Empfang f\u00fcr Teilnehmende der Radtouristikfahrt Nancy-Karlsruhe - 06.09.2015\"><img loading=\"lazy\" decoding=\"async\" src=\"https:\/\/farm1.staticflickr.com\/713\/21231252171_0e8de56448_b.jpg\" width=\"1024\" height=\"683\" alt=\"Karlsruhe: Empfang f\u00fcr Teilnehmende der Radtouristikfahrt Nancy-Karlsruhe - 06.09.2015\"><\/a><script async src=\"\/\/embedr.flickr.com\/assets\/client-code.js\" charset=\"utf-8\"><\/script><\/p>\n","protected":false},"excerpt":{"rendered":"<p>Die St\u00e4dte\u00adpar\u00adt\u00ad\u00adner\u00ad\u00adschafts &#8211; Radtou\u00adris\u00adti\u00adk\u00ad-\/Etap\u00ad\u00adpen\u00adfahr\u00adt\u00adfahr\u00adt Nancy-Karlsruhe fand am 5. und 6. September 2015 statt. Das Event wurde von der Radspor\u00adt\u00ad\u00ad\u00ad\u00ad\u00ad\u00ad\u00adge\u00ad\u00ad\u00ad\u00ad\u00ad\u00ad\u00admein\u00ad\u00ad\u00ad\u00ad\u00ad\u00ad\u00adschaft (RSG)<\/p>\n","protected":false},"author":1,"featured_media":99,"comment_status":"open","ping_status":"open","sticky":false,"template":"","format":"standard","meta":{"_monsterinsights_skip_tracking":false,"_monsterinsights_sitenote_active":false,"_monsterinsights_sitenote_note":"","_monsterinsights_sitenote_category":0,"footnotes":""},"categories":[18,2],"tags":[20,82,80,79,78,81],"_links":{"self":[{"href":"http:\/\/www.goldstadt-tv.de\/index.php\/wp-json\/wp\/v2\/posts\/96"}],"collection":[{"href":"http:\/\/www.goldstadt-tv.de\/index.php\/wp-json\/wp\/v2\/posts"}],"about":[{"href":"http:\/\/www.goldstadt-tv.de\/index.php\/wp-json\/wp\/v2\/types\/post"}],"author":[{"embeddable":true,"href":"http:\/\/www.goldstadt-tv.de\/index.php\/wp-json\/wp\/v2\/users\/1"}],"replies":[{"embeddable":true,"href":"http:\/\/www.goldstadt-tv.de\/index.php\/wp-json\/wp\/v2\/comments?post=96"}],"version-history":[{"count":0,"href":"http:\/\/www.goldstadt-tv.de\/index.php\/wp-json\/wp\/v2\/posts\/96\/revisions"}],"wp:featuredmedia":[{"embeddable":true,"href":"http:\/\/www.goldstadt-tv.de\/index.php\/wp-json\/wp\/v2\/media\/99"}],"wp:attachment":[{"href":"http:\/\/www.goldstadt-tv.de\/index.php\/wp-json\/wp\/v2\/media?parent=96"}],"wp:term":[{"taxonomy":"category","embeddable":true,"href":"http:\/\/www.goldstadt-tv.de\/index.php\/wp-json\/wp\/v2\/categories?post=96"},{"taxonomy":"post_tag","embeddable":true,"href":"http:\/\/www.goldstadt-tv.de\/index.php\/wp-json\/wp\/v2\/tags?post=96"}],"curies":[{"name":"wp","href":"https:\/\/api.w.org\/{rel}","templated":true}]}}