{"id":898,"date":"2017-08-28T20:35:07","date_gmt":"2017-08-28T20:35:07","guid":{"rendered":"http:\/\/www.goldstadt-tv.de\/?p=898"},"modified":"2017-08-28T20:35:07","modified_gmt":"2017-08-28T20:35:07","slug":"schwerer-frontalzusammenstoss-auf-der-b294-zwischen-calmbach-und-kleinenztal-28-08-2017","status":"publish","type":"post","link":"http:\/\/www.goldstadt-tv.de\/index.php\/2017\/08\/28\/schwerer-frontalzusammenstoss-auf-der-b294-zwischen-calmbach-und-kleinenztal-28-08-2017\/","title":{"rendered":"Schwerer Frontalzusammensto\u00df auf der B294 zwischen Calmbach und Kleinenztal &#8211; 28.08.2017"},"content":{"rendered":"<p>Mehrere Stunden voll gesperrt werden musste die B294 zwischen Calmbach und Kleinenzhof nachdem es gegen 16:15 einen schweren Frontalzusammensto\u00df zwischen einem PKW und einem Transporter gegeben hatte.<\/p>\n<p>Nach Angaben der Augenzeugen befuhr der Transporter die B294 aus Richtung Calmbach in Fahrtrichtung Freudenstadt, als aus bislang ungekl\u00e4rter Ursache ein in Fahrtrichtung Calmbach entgegenkommender PKW-Fahrer unmittelbar vor dem Transporter auf die Gegenfahrbahn fuhr und frontal mit dem Transporter kollidierte. Nach Zeugenangaben sah der Vorgang f\u00fcr andere Verkehrsteilnehmer so aus, als ob der PKW-Fahrer unmittelbar vor dem Transporter zu einem \u00dcberholvorgang ausscherte und dabei gegen den Transporter prallte.<\/p>\n<p>Der Fahrer des PKW\u00b4s wurde bei dem Verkehrsunfall in seinem Fahrzeug eingeklemmt und musste von der Feuerwehr aus seinem Auto befreit werden. Sein Auto lag zuerst auf der Seite und wurde von einem Ersthelfer noch vor der Ankunft der Rettungskr\u00e4fte aufgerichtet. Mit schweren Verletzungen kam er mit einem Rettungshubschrauber in ein Krankenhaus.<\/p>\n<p>Der Fahrer des Transporters versuchte noch den Unfall durch das Ausweichen abzuwenden, einen Zusammensto\u00df mit dem PKW konnte er jedoch leider nicht verhindern, sein Citroen kam nach dem Ausweichen von der Fahrbahn ab und fuhr mehrere #Meter eine B\u00f6schung herunter, ohne sich zum Gl\u00fcck zu \u00fcberschlagen. Die beiden Insa\u00dfen des Transporter wurden bei dem Unfall gl\u00fccklicherweise nur leicht verletzt. Der Zusammensto\u00df der beiden Fahrzeuge war so stark, dass jeweils von einem Fahrzeug ein Rad abriss und auf der Fahrbahn liegen blieb. Den Gesamtschaden sch\u00e4tzt die Polizei auf ca. 20.000\u20ac, warum der 69-j\u00e4hriger PKW-Fahrer spontan auf die Gegenfahrbahn gekommen war, ist derzeit noch nicht bekannt. Die B294 war aufgrund des Unfalls mehrere Stunden voll gesperrt, der Verkehr wurde umgeleitet.<\/p>\n<p>Unfall oder Stra\u00dfensperrung gesehen?<br \/>\n<strong>Ihr erreicht uns per Anruf, SMS oder WhatsApp unter 0176\/ 459 179 02!<\/strong><br \/>\n<a data-flickr-embed=\"true\" data-footer=\"true\"  href=\"https:\/\/www.flickr.com\/photos\/goldstadttv\/albums\/72157685831663213\" title=\"B294 zw. Calmbach und Kleinenztal - Frontalzusammensto\u00df - 28.08.2017\"><img loading=\"lazy\" decoding=\"async\" src=\"https:\/\/farm5.staticflickr.com\/4360\/36876954935_7ef9a28d73_h.jpg\" width=\"1600\" height=\"1067\" alt=\"B294 zw. Calmbach und Kleinenztal - Frontalzusammensto\u00df - 28.08.2017\"><\/a><script async src=\"\/\/embedr.flickr.com\/assets\/client-code.js\" charset=\"utf-8\"><\/script><\/p>\n","protected":false},"excerpt":{"rendered":"<p>Mehrere Stunden voll gesperrt werden musste die B294 zwischen Calmbach und Kleinenzhof nachdem es gegen 16:15 einen schweren Frontalzusammensto\u00df zwischen<\/p>\n","protected":false},"author":1,"featured_media":899,"comment_status":"open","ping_status":"open","sticky":false,"template":"","format":"standard","meta":{"_monsterinsights_skip_tracking":false,"_monsterinsights_sitenote_active":false,"_monsterinsights_sitenote_note":"","_monsterinsights_sitenote_category":0,"footnotes":""},"categories":[42,178,88],"tags":[865,457,864,303,664,799,305,711,83],"_links":{"self":[{"href":"http:\/\/www.goldstadt-tv.de\/index.php\/wp-json\/wp\/v2\/posts\/898"}],"collection":[{"href":"http:\/\/www.goldstadt-tv.de\/index.php\/wp-json\/wp\/v2\/posts"}],"about":[{"href":"http:\/\/www.goldstadt-tv.de\/index.php\/wp-json\/wp\/v2\/types\/post"}],"author":[{"embeddable":true,"href":"http:\/\/www.goldstadt-tv.de\/index.php\/wp-json\/wp\/v2\/users\/1"}],"replies":[{"embeddable":true,"href":"http:\/\/www.goldstadt-tv.de\/index.php\/wp-json\/wp\/v2\/comments?post=898"}],"version-history":[{"count":2,"href":"http:\/\/www.goldstadt-tv.de\/index.php\/wp-json\/wp\/v2\/posts\/898\/revisions"}],"predecessor-version":[{"id":901,"href":"http:\/\/www.goldstadt-tv.de\/index.php\/wp-json\/wp\/v2\/posts\/898\/revisions\/901"}],"wp:featuredmedia":[{"embeddable":true,"href":"http:\/\/www.goldstadt-tv.de\/index.php\/wp-json\/wp\/v2\/media\/899"}],"wp:attachment":[{"href":"http:\/\/www.goldstadt-tv.de\/index.php\/wp-json\/wp\/v2\/media?parent=898"}],"wp:term":[{"taxonomy":"category","embeddable":true,"href":"http:\/\/www.goldstadt-tv.de\/index.php\/wp-json\/wp\/v2\/categories?post=898"},{"taxonomy":"post_tag","embeddable":true,"href":"http:\/\/www.goldstadt-tv.de\/index.php\/wp-json\/wp\/v2\/tags?post=898"}],"curies":[{"name":"wp","href":"https:\/\/api.w.org\/{rel}","templated":true}]}}