{"id":860,"date":"2017-06-22T20:51:29","date_gmt":"2017-06-22T20:51:29","guid":{"rendered":"http:\/\/www.goldstadt-tv.de\/?p=860"},"modified":"2017-06-22T20:51:29","modified_gmt":"2017-06-22T20:51:29","slug":"pforzheim-frau-6-meter-in-die-tiefe-geworfen-22-06-2017","status":"publish","type":"post","link":"http:\/\/www.goldstadt-tv.de\/index.php\/2017\/06\/22\/pforzheim-frau-6-meter-in-die-tiefe-geworfen-22-06-2017\/","title":{"rendered":"Pforzheim: Frau 6 Meter in die Tiefe geworfen &#8211; 22.06.2017"},"content":{"rendered":"<p>Mit schwersten Verletzungen ist in der Nacht zum Donnerstag gegen 0.50 Uhr in der Pfl\u00fcgerstra\u00dfe in Pforzheim, unterhalb der Enz-Ufermauer, eine 29 Jahre alte Frau aufgefunden worden.<\/p>\n<p>Aufgrund der ersten \u00c4u\u00dferungen der ansprechbaren Frau besteht der Verdacht, dass sie gegen 0.20 Uhr an der \u00d6rtlichkeit von einem unbekannten Mann mit sexuellem Hintergrund angegangen worden ist. In der Folge sei sie aufgrund ihrer Gegenwehr \u00fcber die Br\u00fcstung der sechs Meter hohen Ufermauer gehoben worden und hinuntergest\u00fcrzt.<\/p>\n<p>Unter Einsatz eines Rettungsteams sowie einer Not\u00e4rztin kam die 29-j\u00e4hrige mit schwersten R\u00fcckenverletzungen in ein Krankenhaus. Lebensgefahr ist derzeit offenbar nicht auszuschlie\u00dfen.<\/p>\n<p>Eine Zeugin hatte kurz vor 01.00 Uhr Hilferufe vernommen und bei n\u00e4herer Nachschau die schwerverletzte Frau aufgefunden.<\/p>\n<p>Derzeit arbeitet das Kriminalkommissariat Pforzheim mit einer<br \/>\nErmittlungsgruppe intensiv an der Aufkl\u00e4rung der genauen Umst\u00e4nde des Geschehens.<\/p>\n<p>Die Gesch\u00e4digte beschrieb den T\u00e4ter als etwa 30 bis 40 Jahre alt, 180 cm gro\u00df mit dunklerem Teint und kurzem, dunklen Haar. Er sei von normaler Statur, habe eine dunkle Hose mit dunklem T-Shirt getragen und Deutsch mit ausl\u00e4ndischem Akzent gesprochen.<\/p>\n<p>Die Staatsanwaltschaft und das Kriminalkommissariat Pforzheim bitten zur Kl\u00e4rung des genauen Hergangs um die Meldung von Zeugen oder sonst sachdienlichen Hinweisen an den rund um die Ihr erreichbaren Kriminaldauerdienst Karlsruhe unter Telefon 0721\/939-5555. pol<\/p>\n<p><a data-flickr-embed=\"true\" data-footer=\"true\"  href=\"https:\/\/www.flickr.com\/photos\/goldstadttv\/albums\/72157682426318974\" title=\"Pforzheim: Frau 6m in die Tiefe geworfen - 22.06.2017\"><img loading=\"lazy\" decoding=\"async\" src=\"https:\/\/c1.staticflickr.com\/5\/4235\/35341117661_442f46f476_h.jpg\" width=\"1600\" height=\"1067\" alt=\"Pforzheim: Frau 6m in die Tiefe geworfen - 22.06.2017\"><\/a><script async src=\"\/\/embedr.flickr.com\/assets\/client-code.js\" charset=\"utf-8\"><\/script><\/p>\n","protected":false},"excerpt":{"rendered":"<p>Mit schwersten Verletzungen ist in der Nacht zum Donnerstag gegen 0.50 Uhr in der Pfl\u00fcgerstra\u00dfe in Pforzheim, unterhalb der Enz-Ufermauer,<\/p>\n","protected":false},"author":1,"featured_media":861,"comment_status":"open","ping_status":"open","sticky":false,"template":"","format":"standard","meta":{"_monsterinsights_skip_tracking":false,"_monsterinsights_sitenote_active":false,"_monsterinsights_sitenote_note":"","_monsterinsights_sitenote_category":0,"footnotes":""},"categories":[42,488,40,240],"tags":[829,830,827,46,826,828,44,50,596],"_links":{"self":[{"href":"http:\/\/www.goldstadt-tv.de\/index.php\/wp-json\/wp\/v2\/posts\/860"}],"collection":[{"href":"http:\/\/www.goldstadt-tv.de\/index.php\/wp-json\/wp\/v2\/posts"}],"about":[{"href":"http:\/\/www.goldstadt-tv.de\/index.php\/wp-json\/wp\/v2\/types\/post"}],"author":[{"embeddable":true,"href":"http:\/\/www.goldstadt-tv.de\/index.php\/wp-json\/wp\/v2\/users\/1"}],"replies":[{"embeddable":true,"href":"http:\/\/www.goldstadt-tv.de\/index.php\/wp-json\/wp\/v2\/comments?post=860"}],"version-history":[{"count":1,"href":"http:\/\/www.goldstadt-tv.de\/index.php\/wp-json\/wp\/v2\/posts\/860\/revisions"}],"predecessor-version":[{"id":862,"href":"http:\/\/www.goldstadt-tv.de\/index.php\/wp-json\/wp\/v2\/posts\/860\/revisions\/862"}],"wp:featuredmedia":[{"embeddable":true,"href":"http:\/\/www.goldstadt-tv.de\/index.php\/wp-json\/wp\/v2\/media\/861"}],"wp:attachment":[{"href":"http:\/\/www.goldstadt-tv.de\/index.php\/wp-json\/wp\/v2\/media?parent=860"}],"wp:term":[{"taxonomy":"category","embeddable":true,"href":"http:\/\/www.goldstadt-tv.de\/index.php\/wp-json\/wp\/v2\/categories?post=860"},{"taxonomy":"post_tag","embeddable":true,"href":"http:\/\/www.goldstadt-tv.de\/index.php\/wp-json\/wp\/v2\/tags?post=860"}],"curies":[{"name":"wp","href":"https:\/\/api.w.org\/{rel}","templated":true}]}}