{"id":85,"date":"2015-08-24T14:03:20","date_gmt":"2015-08-24T14:03:20","guid":{"rendered":"http:\/\/www.goldstadt-tv.de\/?p=85"},"modified":"2015-08-24T14:14:14","modified_gmt":"2015-08-24T14:14:14","slug":"karlsruhe-lichterfest-im-stadtgarten","status":"publish","type":"post","link":"http:\/\/www.goldstadt-tv.de\/index.php\/2015\/08\/24\/karlsruhe-lichterfest-im-stadtgarten\/","title":{"rendered":"Karlsruhe: Lichterfest im Stadtgarten"},"content":{"rendered":"<p>&#8222;ParkErleben &#8211; ParkErleuchten&#8220; hie\u00df es in diesem Jahr vom 21. bis 23. August im Zoologischen Stadtgarten. Eingebettet in ein dreit\u00e4giges Parkfest wurde zum 45. Mal seit der Bundesgartenschau\u00a0im Jahr\u00a01967\u00a0das Lichterfest\u00a0gefeiert.\u00a0Am\u00a0Freitag- und am Samstagabend erstrahlte der Stadtgarten in stimmungsvollem Licht.<\/p>\n<p>Das Parkfest begann am Freitagnachmittag um 16 Uhr mit einem Familienfest. Um 17 Uhr tratt der Bauchredner, Zauberer und Clown Claus Augenschmaus auf der B\u00fchne bei der Mjarn Saftbar auf und von 18 Uhr bis 19.30 Uhr pr\u00e4sentierten &#8222;Niklas Braun&amp;Friends&#8220; Jazz und Pop auf der Seeb\u00fchne. Von 20.30 bis 22.30 Uhr folgte ein Sonderkonzert des taiwanesischen Kammerorchesters Little Giant. Die Musiker brachten chinesische Laternen zu ihrem Auftritt mit und pr\u00e4sentierten im Rahmen des Karlsruher Stadtgeburtstags traditionelle und moderne chinesische Musik.<\/p>\n<p>F\u00fcr Romantik sorgten am Freitagabend ab 19 Uhr rund 21 000 bunte Gl\u00fchbirnen und LED-Leuchten, die &#8211; zu Figuren, Motiven und Lichterketten arrangiert &#8211; den Park erleuchteten. Auf dem Stadtgartensee pr\u00e4sentierte sich ein leuchtender Mississippi-Dampfer, auf H\u00f6he des Japangartens strahlen Teehaus und Elefant, Giraffe und Steinlaternen flankierten die Gondolettaboote auf ihrer Fahrt entlang des Kanals. Eine leuchtende Pyramide und ein strahlender Schmetterling auf der Rasenfl\u00e4che gegen\u00fcber der Kinderautobahn, Flamingos auf der Wiese beim Rosengarten und f\u00fcnf Delfine auf dem Schwanensee bescherten dem Publikum bei beginnender Dunkelheit ein besonderes Parkerlebnis.<\/p>\n<p>Im Heckengarten der\u00a0Friedrich-Wolff-Anlage blickte den G\u00e4sten ein Buddha entgegen, am n\u00f6rdlichen Seeufer sa\u00dfen bunte Papageien in den B\u00e4umen und hinter der Seeb\u00fchne wartete ein Drache. Drei Palmen auf der Wiese vor dem Exotenhaus und mit Luft gef\u00fcllte Leuchtkegel, verschiedene Bodenleuchten und in farbiges Licht getauchte Baumkronen erg\u00e4nzten das stimmungsvolle Lichtprogramm.<\/p>\n<p>&nbsp;<\/p>\n<p><a data-flickr-embed=\"true\" data-header=\"false\" data-footer=\"false\" data-context=\"false\"  href=\"https:\/\/www.flickr.com\/photos\/goldstadttv\/albums\/72157657273669919\" title=\"Karlsruhe: Lichterfest - Stadtgarten - 22.08.2015\"><img loading=\"lazy\" decoding=\"async\" src=\"https:\/\/farm6.staticflickr.com\/5833\/20850687381_6dc53a71b6_c.jpg\" width=\"900\" height=\"800\" alt=\"Karlsruhe: Lichterfest - Stadtgarten - 22.08.2015\"><\/a><script async src=\"\/\/embedr.flickr.com\/assets\/client-code.js\" charset=\"utf-8\"><\/script><\/p>\n","protected":false},"excerpt":{"rendered":"<p>&#8222;ParkErleben &#8211; ParkErleuchten&#8220; hie\u00df es in diesem Jahr vom 21. bis 23. August im Zoologischen Stadtgarten. Eingebettet in ein dreit\u00e4giges<\/p>\n","protected":false},"author":1,"featured_media":86,"comment_status":"open","ping_status":"open","sticky":false,"template":"","format":"standard","meta":{"_monsterinsights_skip_tracking":false,"_monsterinsights_sitenote_active":false,"_monsterinsights_sitenote_note":"","_monsterinsights_sitenote_category":0,"footnotes":""},"categories":[29,2],"tags":[24,5,74,76,75,77],"_links":{"self":[{"href":"http:\/\/www.goldstadt-tv.de\/index.php\/wp-json\/wp\/v2\/posts\/85"}],"collection":[{"href":"http:\/\/www.goldstadt-tv.de\/index.php\/wp-json\/wp\/v2\/posts"}],"about":[{"href":"http:\/\/www.goldstadt-tv.de\/index.php\/wp-json\/wp\/v2\/types\/post"}],"author":[{"embeddable":true,"href":"http:\/\/www.goldstadt-tv.de\/index.php\/wp-json\/wp\/v2\/users\/1"}],"replies":[{"embeddable":true,"href":"http:\/\/www.goldstadt-tv.de\/index.php\/wp-json\/wp\/v2\/comments?post=85"}],"version-history":[{"count":0,"href":"http:\/\/www.goldstadt-tv.de\/index.php\/wp-json\/wp\/v2\/posts\/85\/revisions"}],"wp:featuredmedia":[{"embeddable":true,"href":"http:\/\/www.goldstadt-tv.de\/index.php\/wp-json\/wp\/v2\/media\/86"}],"wp:attachment":[{"href":"http:\/\/www.goldstadt-tv.de\/index.php\/wp-json\/wp\/v2\/media?parent=85"}],"wp:term":[{"taxonomy":"category","embeddable":true,"href":"http:\/\/www.goldstadt-tv.de\/index.php\/wp-json\/wp\/v2\/categories?post=85"},{"taxonomy":"post_tag","embeddable":true,"href":"http:\/\/www.goldstadt-tv.de\/index.php\/wp-json\/wp\/v2\/tags?post=85"}],"curies":[{"name":"wp","href":"https:\/\/api.w.org\/{rel}","templated":true}]}}