{"id":848,"date":"2017-06-17T11:27:25","date_gmt":"2017-06-17T11:27:25","guid":{"rendered":"http:\/\/www.goldstadt-tv.de\/?p=848"},"modified":"2017-06-17T11:27:25","modified_gmt":"2017-06-17T11:27:25","slug":"pforzheim-unfall-am-bahnhofsplatz-fahrzeug-ueberschlagen-17-06-2017","status":"publish","type":"post","link":"http:\/\/www.goldstadt-tv.de\/index.php\/2017\/06\/17\/pforzheim-unfall-am-bahnhofsplatz-fahrzeug-ueberschlagen-17-06-2017\/","title":{"rendered":"Pforzheim: Unfall am Bahnhofsplatz &#8211; Fahrzeug \u00fcberschlagen &#8211; 17.06.2017"},"content":{"rendered":"<p>Ein spektakul\u00e4rer Verkehrsunfall ereignete sich am Samstagmorgen um 09.25 Uhr auf dem #Bahnhofplatz. Zur Unfallzeit fuhr ein 43-j\u00e4hriger Mann mit seinem Opel-Kombi auf dem Bahnhofplatz in Richtung Nordstadtbr\u00fccke. Nach seinen Angaben fuhr er bei Gr\u00fcnlicht in den Einm\u00fcndungsbereich mit der Lindenstra\u00dfe ein, konnte aber wegen eines Linienbusses zun\u00e4chst nicht weiterfahren. Zur selben Zeit stand ein 30-j\u00e4hriger mit seinem Pkw Mercedes als erster auf der linken Fahrspur der Lindenstra\u00dfe. Als die Ampel auf Gr\u00fcnlicht umschaltete, fuhr der 30-j\u00e4hrige los. Der Opel-Fahrer fuhr ebenfalls weiter. Im Einm\u00fcndungsbereich fuhr der Opel dem Mercedes in die Fahrerseite. Dieser driftete dadurch auf die Mittelinsel des Bahnhofplatzes, wo er drei B\u00e4ume streifte, zur Seite st\u00fcrzte und schlie\u00dflich auf dem Dach landete. Der Fahrer des Mercedes erlitt leichtere Verletzungen und musste zur Untersuchung in ein Krankenhaus eingeliefert werden. Der Sachschaden betr\u00e4gt rund 30.000 Euro. Zum Fahrverhalten des Opel-Fahrers und der Verkehrssituation mit dem Linienbus sucht die Polizei noch Zeugen. Die Angaben des Mercedesfahrers, bei Gr\u00fcnlicht losgefahren zu sein, werden durch Zeugenangaben best\u00e4tigt.<\/p>\n<p>Der Unfallaufnahmedienst des Verkehrskommissariats bittet um Hinweise unter Telefon 07231\/186-4100.<\/p>\n<p>Vielen Dank f\u00fcr die Info \u00fcber den Unfall per WhatsApp!<br \/>\nUnfall gesehen? Ihr erreicht uns per Anruf, SMS oder WhatsApp unter 0176\/ 459 179 02!<\/p>\n<p><a data-flickr-embed=\"true\" data-footer=\"true\"  href=\"https:\/\/www.flickr.com\/photos\/goldstadttv\/albums\/72157683125703040\" title=\"Pforzheim: VU Bahnhofsplatz - Fzg \u00fcberschlagen - 17.06.2017\"><img loading=\"lazy\" decoding=\"async\" src=\"https:\/\/c1.staticflickr.com\/5\/4239\/35319783306_aeb2e6d9af_b.jpg\" width=\"1024\" height=\"683\" alt=\"Pforzheim: VU Bahnhofsplatz - Fzg \u00fcberschlagen - 17.06.2017\"><\/a><script async src=\"\/\/embedr.flickr.com\/assets\/client-code.js\" charset=\"utf-8\"><\/script><\/p>\n","protected":false},"excerpt":{"rendered":"<p>Ein spektakul\u00e4rer Verkehrsunfall ereignete sich am Samstagmorgen um 09.25 Uhr auf dem #Bahnhofplatz. Zur Unfallzeit fuhr ein 43-j\u00e4hriger Mann mit<\/p>\n","protected":false},"author":1,"featured_media":849,"comment_status":"open","ping_status":"open","sticky":false,"template":"","format":"standard","meta":{"_monsterinsights_skip_tracking":false,"_monsterinsights_sitenote_active":false,"_monsterinsights_sitenote_note":"","_monsterinsights_sitenote_category":0,"footnotes":""},"categories":[42,488,40,88],"tags":[817,84,816,83,140],"_links":{"self":[{"href":"http:\/\/www.goldstadt-tv.de\/index.php\/wp-json\/wp\/v2\/posts\/848"}],"collection":[{"href":"http:\/\/www.goldstadt-tv.de\/index.php\/wp-json\/wp\/v2\/posts"}],"about":[{"href":"http:\/\/www.goldstadt-tv.de\/index.php\/wp-json\/wp\/v2\/types\/post"}],"author":[{"embeddable":true,"href":"http:\/\/www.goldstadt-tv.de\/index.php\/wp-json\/wp\/v2\/users\/1"}],"replies":[{"embeddable":true,"href":"http:\/\/www.goldstadt-tv.de\/index.php\/wp-json\/wp\/v2\/comments?post=848"}],"version-history":[{"count":1,"href":"http:\/\/www.goldstadt-tv.de\/index.php\/wp-json\/wp\/v2\/posts\/848\/revisions"}],"predecessor-version":[{"id":850,"href":"http:\/\/www.goldstadt-tv.de\/index.php\/wp-json\/wp\/v2\/posts\/848\/revisions\/850"}],"wp:featuredmedia":[{"embeddable":true,"href":"http:\/\/www.goldstadt-tv.de\/index.php\/wp-json\/wp\/v2\/media\/849"}],"wp:attachment":[{"href":"http:\/\/www.goldstadt-tv.de\/index.php\/wp-json\/wp\/v2\/media?parent=848"}],"wp:term":[{"taxonomy":"category","embeddable":true,"href":"http:\/\/www.goldstadt-tv.de\/index.php\/wp-json\/wp\/v2\/categories?post=848"},{"taxonomy":"post_tag","embeddable":true,"href":"http:\/\/www.goldstadt-tv.de\/index.php\/wp-json\/wp\/v2\/tags?post=848"}],"curies":[{"name":"wp","href":"https:\/\/api.w.org\/{rel}","templated":true}]}}