{"id":841,"date":"2017-06-15T19:54:26","date_gmt":"2017-06-15T19:54:26","guid":{"rendered":"http:\/\/www.goldstadt-tv.de\/?p=841"},"modified":"2017-06-16T16:27:04","modified_gmt":"2017-06-16T16:27:04","slug":"a8-bei-karlsbad-cabrio-nach-unfall-ausgebrannt-15-06-2017","status":"publish","type":"post","link":"http:\/\/www.goldstadt-tv.de\/index.php\/2017\/06\/15\/a8-bei-karlsbad-cabrio-nach-unfall-ausgebrannt-15-06-2017\/","title":{"rendered":"A8 bei Karlsbad: Cabrio nach Unfall ausgebrannt &#8211; 15.06.2017"},"content":{"rendered":"<p>Schwere Verletzungen hat eine 60 Jahre alte Autofahrerin am sp\u00e4ten Nachmittag des Fronleichnamstages auf der Autobahn A 8 bei Remchingen erlitten. Zudem entstand bei dem Unfall ein Sachschaden von \u00fcber 10.000 Euro.<\/p>\n<p>Nach den Feststellungen des Autobahnpolizeireviers Pforzheim war die aus \u00d6sterreich stammende Renault-Lenkerin gegen 18.05 Uhr in Richtung Osten unterwegs, als sie offenbar infolge Alkoholgenusses<br \/>\nnach links von der Fahrbahn abkam und gegen die Mittelleitwand prallte. Von dort abgewiesen, schleuderte der Wagen nach rechts und stie\u00df gegen einen auf der mittleren Spur fahrenden Kleinwagen. In der Folge geriet der Renault gegen die rechte Schutzplanke, rutschte daran entlang und schleuderte schlie\u00dflich in eine B\u00f6schung, wo er auf ein Verkehrszeichen prallte und kurz darauf Feuer fing. Ersthelfer konnten die 60-J\u00e4hrige gl\u00fccklicherweise rechtzeitig aus ihrem rasch lichterloh brennenden Wagen holen.<\/p>\n<p>Nachdem die Frau, deren Atemluft deutlich nach Alkohol roch, sich dem Transport im Rettungswagen erfolglos verweigert hatte, wurde sie auf der Intensivstation eines Krankenhauses aufgenommen. Hier wurde auf richterliche Anordnung bei ihr auch eine Blutentnahme durchgef\u00fchrt.<\/p>\n<p>Neben dem Wagen der Frau musste auch der Kleinwagen der unverletzt gebliebenen 20 Jahre alten Beteiligten abgeschleppt werden.<\/p>\n<p>Vielen Dank f\u00fcr die Info \u00fcber den Brand per WhatsApp!<br \/>\nUnfall oder Fahrzeugbrand gesehen? Ihr erreicht uns per Anruf, SMS oder WhatsApp unter 0176\/ 459 179 02!<\/p>\n<p><a data-flickr-embed=\"true\" data-footer=\"true\"  href=\"https:\/\/www.flickr.com\/photos\/goldstadttv\/albums\/72157685000445806\" title=\"A8 bei Karlsbad: Cabrio nach Unfall ausgebrannt - 15.06.2017\"><img loading=\"lazy\" decoding=\"async\" src=\"https:\/\/c1.staticflickr.com\/5\/4248\/34485427744_ffbe822cd5_b.jpg\" width=\"1024\" height=\"683\" alt=\"A8 bei Karlsbad: Cabrio nach Unfall ausgebrannt - 15.06.2017\"><\/a><script async src=\"\/\/embedr.flickr.com\/assets\/client-code.js\" charset=\"utf-8\"><\/script><\/p>\n","protected":false},"excerpt":{"rendered":"<p>Schwere Verletzungen hat eine 60 Jahre alte Autofahrerin am sp\u00e4ten Nachmittag des Fronleichnamstages auf der Autobahn A 8 bei Remchingen<\/p>\n","protected":false},"author":1,"featured_media":842,"comment_status":"open","ping_status":"open","sticky":false,"template":"","format":"standard","meta":{"_monsterinsights_skip_tracking":false,"_monsterinsights_sitenote_active":false,"_monsterinsights_sitenote_note":"","_monsterinsights_sitenote_category":0,"footnotes":""},"categories":[167,42,88],"tags":[815,169,47,814,636,416,530,83,140],"_links":{"self":[{"href":"http:\/\/www.goldstadt-tv.de\/index.php\/wp-json\/wp\/v2\/posts\/841"}],"collection":[{"href":"http:\/\/www.goldstadt-tv.de\/index.php\/wp-json\/wp\/v2\/posts"}],"about":[{"href":"http:\/\/www.goldstadt-tv.de\/index.php\/wp-json\/wp\/v2\/types\/post"}],"author":[{"embeddable":true,"href":"http:\/\/www.goldstadt-tv.de\/index.php\/wp-json\/wp\/v2\/users\/1"}],"replies":[{"embeddable":true,"href":"http:\/\/www.goldstadt-tv.de\/index.php\/wp-json\/wp\/v2\/comments?post=841"}],"version-history":[{"count":0,"href":"http:\/\/www.goldstadt-tv.de\/index.php\/wp-json\/wp\/v2\/posts\/841\/revisions"}],"wp:featuredmedia":[{"embeddable":true,"href":"http:\/\/www.goldstadt-tv.de\/index.php\/wp-json\/wp\/v2\/media\/842"}],"wp:attachment":[{"href":"http:\/\/www.goldstadt-tv.de\/index.php\/wp-json\/wp\/v2\/media?parent=841"}],"wp:term":[{"taxonomy":"category","embeddable":true,"href":"http:\/\/www.goldstadt-tv.de\/index.php\/wp-json\/wp\/v2\/categories?post=841"},{"taxonomy":"post_tag","embeddable":true,"href":"http:\/\/www.goldstadt-tv.de\/index.php\/wp-json\/wp\/v2\/tags?post=841"}],"curies":[{"name":"wp","href":"https:\/\/api.w.org\/{rel}","templated":true}]}}