{"id":834,"date":"2017-06-11T21:54:30","date_gmt":"2017-06-11T21:54:30","guid":{"rendered":"http:\/\/www.goldstadt-tv.de\/?p=834"},"modified":"2017-06-11T21:54:30","modified_gmt":"2017-06-11T21:54:30","slug":"dobel-motorradfahrerin-nach-verbotenem-ueberholen-schwer-verletzt-11-06-2017","status":"publish","type":"post","link":"http:\/\/www.goldstadt-tv.de\/index.php\/2017\/06\/11\/dobel-motorradfahrerin-nach-verbotenem-ueberholen-schwer-verletzt-11-06-2017\/","title":{"rendered":"Dobel: Motorradfahrerin nach verbotenem \u00dcberholen schwer verletzt &#8211; 11.06.2017"},"content":{"rendered":"<p>Lebensgef\u00e4hrliche Verletzungen zog sich am Sonntagnachmittag um 15.40 Uhr eine  32 Jahre Kradfahrerin aus Stuttgart zu. Die Frau fuhr auf der L 340 von Dobel kommend in<br \/>\nRichtung Eyachbr\u00fccke. Nach dem Dreimarkstein \u00fcberholte sie trotz eines bestehenden \u00dcberholverbots einen vorausfahrenden Pkw. Vor Beendigung des \u00dcberholvorgangs kollidierte sie frontal mit einem<br \/>\nentgegenkommenden Pkw.<\/p>\n<p>Sie st\u00fcrzte auf die Fahrbahn und zog sich hierbei die schweren Verletzungen zu. Das Krad wurde gegen den \u00fcberholten Pkw zur\u00fcck geschleudert und prallte auf dessen Fronscheibe. In der Folge prallte dann noch die beiden Pkw zusammen.<\/p>\n<p>Die Kradfahrerin wurde mit einem Rettungshubschrauber in ein Krankenhaus geflogen. Im Fahrzeug des \u00dcberholten wurden der Fahrer leicht,  die Beifahrerin schwer und im entgegenkommenden Pkw der<br \/>\n48-j\u00e4hrige Fahrer schwer, sowie ein im Fahrzeug mitfahrendes Kind leicht verletzt. Es entstand ein Sachschaden von insgesamt ca. 58 000 Euro.<\/p>\n<p><strong>Unfall gesehen? Ihr erreicht uns per Anruf, SMS oder WhatsApp unter 0176\/ 459 179<\/strong><\/p>\n<p><a data-flickr-embed=\"true\" data-footer=\"true\"  href=\"https:\/\/www.flickr.com\/gp\/goldstadttv\/26Z0hu\" title=\"Dobel: Motorradfahrerin nach verbotenem \u00dcberholen schwer verletzt - 11.06.2017\"><img loading=\"lazy\" decoding=\"async\" src=\"https:\/\/c1.staticflickr.com\/5\/4251\/35080612432_cfc471a5a7_b.jpg\" width=\"683\" height=\"1024\" alt=\"Dobel: Motorradfahrerin nach verbotenem \u00dcberholen schwer verletzt - 11.06.2017\"><\/a><script async src=\"\/\/embedr.flickr.com\/assets\/client-code.js\" charset=\"utf-8\"><\/script><\/p>\n","protected":false},"excerpt":{"rendered":"<p>Lebensgef\u00e4hrliche Verletzungen zog sich am Sonntagnachmittag um 15.40 Uhr eine 32 Jahre Kradfahrerin aus Stuttgart zu. Die Frau fuhr auf<\/p>\n","protected":false},"author":1,"featured_media":835,"comment_status":"open","ping_status":"open","sticky":false,"template":"","format":"standard","meta":{"_monsterinsights_skip_tracking":false,"_monsterinsights_sitenote_active":false,"_monsterinsights_sitenote_note":"","_monsterinsights_sitenote_category":0,"footnotes":""},"categories":[42,217,88],"tags":[812,363,811,810,377,664,375,305,408,83,140],"_links":{"self":[{"href":"http:\/\/www.goldstadt-tv.de\/index.php\/wp-json\/wp\/v2\/posts\/834"}],"collection":[{"href":"http:\/\/www.goldstadt-tv.de\/index.php\/wp-json\/wp\/v2\/posts"}],"about":[{"href":"http:\/\/www.goldstadt-tv.de\/index.php\/wp-json\/wp\/v2\/types\/post"}],"author":[{"embeddable":true,"href":"http:\/\/www.goldstadt-tv.de\/index.php\/wp-json\/wp\/v2\/users\/1"}],"replies":[{"embeddable":true,"href":"http:\/\/www.goldstadt-tv.de\/index.php\/wp-json\/wp\/v2\/comments?post=834"}],"version-history":[{"count":0,"href":"http:\/\/www.goldstadt-tv.de\/index.php\/wp-json\/wp\/v2\/posts\/834\/revisions"}],"wp:featuredmedia":[{"embeddable":true,"href":"http:\/\/www.goldstadt-tv.de\/index.php\/wp-json\/wp\/v2\/media\/835"}],"wp:attachment":[{"href":"http:\/\/www.goldstadt-tv.de\/index.php\/wp-json\/wp\/v2\/media?parent=834"}],"wp:term":[{"taxonomy":"category","embeddable":true,"href":"http:\/\/www.goldstadt-tv.de\/index.php\/wp-json\/wp\/v2\/categories?post=834"},{"taxonomy":"post_tag","embeddable":true,"href":"http:\/\/www.goldstadt-tv.de\/index.php\/wp-json\/wp\/v2\/tags?post=834"}],"curies":[{"name":"wp","href":"https:\/\/api.w.org\/{rel}","templated":true}]}}