{"id":810,"date":"2017-05-15T04:08:32","date_gmt":"2017-05-15T04:08:32","guid":{"rendered":"http:\/\/www.goldstadt-tv.de\/?p=810"},"modified":"2017-05-15T04:08:32","modified_gmt":"2017-05-15T04:08:32","slug":"a8-zw-heimsheim-und-pforzheim-sued-auf-pannenfahrzeug-aufgefahren-und-ueberschlagen-13-05-2017","status":"publish","type":"post","link":"http:\/\/www.goldstadt-tv.de\/index.php\/2017\/05\/15\/a8-zw-heimsheim-und-pforzheim-sued-auf-pannenfahrzeug-aufgefahren-und-ueberschlagen-13-05-2017\/","title":{"rendered":"A8 zw. Heimsheim und Pforzheim-S\u00fcd: Auf Pannenfahrzeug aufgefahren und \u00fcberschlagen &#8211; 13.05.2017"},"content":{"rendered":"<p>Ein Verkehrsunfall mit drei Verletzten ereignete sich am 13.05.2017, 18.40 Uhr, auf der BAB 8, Fahrtrichtung Karlsruhe, zwischen AS Heimsheim und AS Pforzheim-S\u00fcd. Ein 33-j\u00e4hriger PKW-Lenker aus Rheinstetten befuhr den linken Fahrstreifen, als er aufgrund nicht angepasster Geschwindigkeit und pl\u00f6tzlich einsetzendem Starkregen ins Schleudern geriet. Er prallte zun\u00e4chst auf ein auf dem Standstreifen stehendes Pannenfahrzeug einer 31-j\u00e4hrigen Frau aus Dortmund. Im weiteren Verlauf kam er nach rechts von der Fahrbahn ab, besch\u00e4digte ein Verkehrszeichen, \u00fcberschlug sich und kam auf dem Dach zur Endlage. Die Fahrerin des Pannenfahrzeuges erlitt leichte Verletzungen, die 30-j\u00e4hrige Beifahrerin des Unfallverursachers und die 16-j\u00e4hrige Mitfahrerin in dem Pannenfahrzeug erlitten schwere Verletzungen. Der entstandene Sachschaden betr\u00e4gt ca. 30.000 Euro. Gegen 20.30 Uhr waren alle drei Fahrstreifen wieder frei befahrbar., so die Polizei in einer Pressemitteilung.<\/p>\n<p><strong>Vielen Dank f\u00fcr die Info \u00fcber den Unfall und somit eine schnelle Warnmeldung per WhatsApp!<\/p>\n<p>Unfall gesehen? Ihr erreicht uns per Anruf, SMS oder WhatsApp unter 0176\/ 459 179 02!<\/strong><\/p>\n<p><a data-flickr-embed=\"true\" data-footer=\"true\"  href=\"https:\/\/www.flickr.com\/photos\/goldstadttv\/albums\/72157683737472046\" title=\"A8 zw. Heimsheim und Pforzheim-S\u00fcd: Auf Pannenfahrzeug aufgefahren und \u00fcberschlagen - 13.05.2017\"><img loading=\"lazy\" decoding=\"async\" src=\"https:\/\/c1.staticflickr.com\/5\/4182\/34505355292_9d70cd349a_b.jpg\" width=\"1024\" height=\"682\" alt=\"A8 zw. Heimsheim und Pforzheim-S\u00fcd: Auf Pannenfahrzeug aufgefahren und \u00fcberschlagen - 13.05.2017\"><\/a><script async src=\"\/\/embedr.flickr.com\/assets\/client-code.js\" charset=\"utf-8\"><\/script><\/p>\n","protected":false},"excerpt":{"rendered":"<p>Ein Verkehrsunfall mit drei Verletzten ereignete sich am 13.05.2017, 18.40 Uhr, auf der BAB 8, Fahrtrichtung Karlsruhe, zwischen AS Heimsheim<\/p>\n","protected":false},"author":1,"featured_media":811,"comment_status":"open","ping_status":"open","sticky":false,"template":"","format":"standard","meta":{"_monsterinsights_skip_tracking":false,"_monsterinsights_sitenote_active":false,"_monsterinsights_sitenote_note":"","_monsterinsights_sitenote_category":0,"footnotes":""},"categories":[167,42,488,57],"tags":[795,169,168,796,798,633,5,439,141,797,528,470,83],"_links":{"self":[{"href":"http:\/\/www.goldstadt-tv.de\/index.php\/wp-json\/wp\/v2\/posts\/810"}],"collection":[{"href":"http:\/\/www.goldstadt-tv.de\/index.php\/wp-json\/wp\/v2\/posts"}],"about":[{"href":"http:\/\/www.goldstadt-tv.de\/index.php\/wp-json\/wp\/v2\/types\/post"}],"author":[{"embeddable":true,"href":"http:\/\/www.goldstadt-tv.de\/index.php\/wp-json\/wp\/v2\/users\/1"}],"replies":[{"embeddable":true,"href":"http:\/\/www.goldstadt-tv.de\/index.php\/wp-json\/wp\/v2\/comments?post=810"}],"version-history":[{"count":0,"href":"http:\/\/www.goldstadt-tv.de\/index.php\/wp-json\/wp\/v2\/posts\/810\/revisions"}],"wp:featuredmedia":[{"embeddable":true,"href":"http:\/\/www.goldstadt-tv.de\/index.php\/wp-json\/wp\/v2\/media\/811"}],"wp:attachment":[{"href":"http:\/\/www.goldstadt-tv.de\/index.php\/wp-json\/wp\/v2\/media?parent=810"}],"wp:term":[{"taxonomy":"category","embeddable":true,"href":"http:\/\/www.goldstadt-tv.de\/index.php\/wp-json\/wp\/v2\/categories?post=810"},{"taxonomy":"post_tag","embeddable":true,"href":"http:\/\/www.goldstadt-tv.de\/index.php\/wp-json\/wp\/v2\/tags?post=810"}],"curies":[{"name":"wp","href":"https:\/\/api.w.org\/{rel}","templated":true}]}}