{"id":794,"date":"2017-04-17T18:16:49","date_gmt":"2017-04-17T18:16:49","guid":{"rendered":"http:\/\/www.goldstadt-tv.de\/?p=794"},"modified":"2017-04-17T18:16:49","modified_gmt":"2017-04-17T18:16:49","slug":"a8-bei-pforzheim-ost-auffahrt-und-abfahrtssperrungen-wegen-oelspur-17-04-2017","status":"publish","type":"post","link":"http:\/\/www.goldstadt-tv.de\/index.php\/2017\/04\/17\/a8-bei-pforzheim-ost-auffahrt-und-abfahrtssperrungen-wegen-oelspur-17-04-2017\/","title":{"rendered":"A8 bei Pforzheim-Ost: Auffahrt- und Abfahrtssperrungen wegen \u00d6lspur &#8211; 17.04.2017"},"content":{"rendered":"<p>Zu massiven Verkehrsbehinderungen auf der A8 bei Pforzheim kames heute Abend ab ca. 15:30 Uhr. Ein unbekanntes Fahrzeug befuhr die A8 aus Fahrtrichtung Stuttgart in Fahrtrichtung Karlsruhe, als es bei der Anschlusstelle Pforzheim-Ost wendete und dazu zuerst die Abfahrt in Fahrtrichtung Karlsruhe ausgefahren ist und anschlie\u00dfend die Auffahrt in Richtung Stuttgart wieder auffuhr. Dabei verlor das Fahrzeug Kraftstoff, sodass die Abfahrt in Fahrtichtung Karlsruhe und die Auffahrt in Fahrtrichtung Stuttgart so gro\u00dffl\u00e4chig verunreinigt wurde, dass ein Spezialreinigungsunternehmen ausr\u00fccken musste. Die Reinigungsarbeiten liefen mehreren Stunden. Zu beseitigen waren ca. 400m \u00d6lspur welche zudem teilweise eine Breite von 3 Metern hatten. Dazu mussten die betreffende Ab- und Auffahrten f\u00fcr den Verkehr gesperrt werden.<br \/>\n<strong><br \/>\nStra\u00dfensperrung gesehen? Ihr erreicht uns per Anruf, SMS oder WhatsApp unter 0176\/ 459 179 02!<\/strong><\/p>\n<p><a data-flickr-embed=\"true\" data-footer=\"true\"  href=\"https:\/\/www.flickr.com\/photos\/goldstadttv\/albums\/72157682625495286\" title=\"A8 bei Pforzheim-Ost: \u00d6lspurbeseitigung - 17.04.2017\"><img loading=\"lazy\" decoding=\"async\" src=\"https:\/\/c1.staticflickr.com\/3\/2932\/33258682964_8f9414d9e4_b.jpg\" width=\"683\" height=\"1024\" alt=\"A8 bei Pforzheim-Ost: \u00d6lspurbeseitigung - 17.04.2017\"><\/a><script async src=\"\/\/embedr.flickr.com\/assets\/client-code.js\" charset=\"utf-8\"><\/script><\/p>\n","protected":false},"excerpt":{"rendered":"<p>Zu massiven Verkehrsbehinderungen auf der A8 bei Pforzheim kames heute Abend ab ca. 15:30 Uhr. Ein unbekanntes Fahrzeug befuhr die<\/p>\n","protected":false},"author":1,"featured_media":795,"comment_status":"open","ping_status":"open","sticky":false,"template":"","format":"standard","meta":{"_monsterinsights_skip_tracking":false,"_monsterinsights_sitenote_active":false,"_monsterinsights_sitenote_note":"","_monsterinsights_sitenote_category":0,"footnotes":""},"categories":[167,42,40],"tags":[787,169,786,785,273,377,784,170,716],"_links":{"self":[{"href":"http:\/\/www.goldstadt-tv.de\/index.php\/wp-json\/wp\/v2\/posts\/794"}],"collection":[{"href":"http:\/\/www.goldstadt-tv.de\/index.php\/wp-json\/wp\/v2\/posts"}],"about":[{"href":"http:\/\/www.goldstadt-tv.de\/index.php\/wp-json\/wp\/v2\/types\/post"}],"author":[{"embeddable":true,"href":"http:\/\/www.goldstadt-tv.de\/index.php\/wp-json\/wp\/v2\/users\/1"}],"replies":[{"embeddable":true,"href":"http:\/\/www.goldstadt-tv.de\/index.php\/wp-json\/wp\/v2\/comments?post=794"}],"version-history":[{"count":0,"href":"http:\/\/www.goldstadt-tv.de\/index.php\/wp-json\/wp\/v2\/posts\/794\/revisions"}],"wp:featuredmedia":[{"embeddable":true,"href":"http:\/\/www.goldstadt-tv.de\/index.php\/wp-json\/wp\/v2\/media\/795"}],"wp:attachment":[{"href":"http:\/\/www.goldstadt-tv.de\/index.php\/wp-json\/wp\/v2\/media?parent=794"}],"wp:term":[{"taxonomy":"category","embeddable":true,"href":"http:\/\/www.goldstadt-tv.de\/index.php\/wp-json\/wp\/v2\/categories?post=794"},{"taxonomy":"post_tag","embeddable":true,"href":"http:\/\/www.goldstadt-tv.de\/index.php\/wp-json\/wp\/v2\/tags?post=794"}],"curies":[{"name":"wp","href":"https:\/\/api.w.org\/{rel}","templated":true}]}}