{"id":791,"date":"2017-04-16T18:55:44","date_gmt":"2017-04-16T18:55:44","guid":{"rendered":"http:\/\/www.goldstadt-tv.de\/?p=791"},"modified":"2017-04-16T18:55:44","modified_gmt":"2017-04-16T18:55:44","slug":"pforzheim-gartenhausbrand-eisinger-landstrasse-16-04-2017","status":"publish","type":"post","link":"http:\/\/www.goldstadt-tv.de\/index.php\/2017\/04\/16\/pforzheim-gartenhausbrand-eisinger-landstrasse-16-04-2017\/","title":{"rendered":"Pforzheim. Gartenhausbrand &#8211; Eisinger Landstra\u00dfe &#8211; 16.04.2017"},"content":{"rendered":"<p>Zu einem Brand eines Gartenh\u00e4uschens kam es am Ostersonntag auf der Eisinger Landstra\u00dfe kurz nach dem Ortsausgang Pforzheim. Gegen 16:28 Uhr meldeten sich die ersten Anrufen per Notruf, eine H\u00fctte w\u00fcrde brennen. Ein \u00e4lteres Ehepaar befand sich heute auf ihrem Grundst\u00fcck und befeuerten im Gartenh\u00e4uschen einen Ofen. Dabei fing aus noch nicht gekl\u00e4rter Ursache das H\u00e4usschen Feuer. Das Ehepaar versuchte zuerst selbst\u00e4ndig das Feuer zu l\u00f6schen, dies schlug jedoch fehl. Die Feuerwehr r\u00fcckte an, die Flammen haben sich jedoch inzwischen so sehr verbreitet, dass trotz der L\u00f6schversuchen die H\u00fctte nicht mehr gerettet werden konnte. Es entstand ein Sachschaden von ca. 20.000\u20ac. Gl\u00fccklicherweise wurde das \u00e4ltere Ehepaar bei dem Brand nicht verletzt. Nach einer kurzen \u00dcberpr\u00fcfung durch den Rettungsdienst konnten sie wieder zu ihrem Grundst\u00fcck zur\u00fcckkehren. Die eisinger Landstra\u00dfe musste aufgrund der Rettungsfahrzeuge zwischen der Kreuzung Eisinger Landstra\u00dfe\/Unterm Wolfsberg und der Autobahnbr\u00fccke in beide Richtungen gesperrt werden.<\/p>\n<p>Vielen Dank f\u00fcr die Info \u00fcber den Einsatz per WhatsApp!<br \/>\n<strong>Feuer gesehen? Ihr erreicht uns per Anruf, SMS oder WhatsApp unter 0176\/ 459 179 02!<\/strong><\/p>\n<p><a data-flickr-embed=\"true\" data-footer=\"true\"  href=\"https:\/\/www.flickr.com\/photos\/goldstadttv\/albums\/72157679375336674\" title=\"Pforzheim. Gartenhausbrand - Eisinger Landstra\u00dfe - 16.04.2017\"><img loading=\"lazy\" decoding=\"async\" src=\"https:\/\/c1.staticflickr.com\/3\/2812\/33691943080_97a3329f36_b.jpg\" width=\"1024\" height=\"683\" alt=\"Pforzheim. Gartenhausbrand - Eisinger Landstra\u00dfe - 16.04.2017\"><\/a><script async src=\"\/\/embedr.flickr.com\/assets\/client-code.js\" charset=\"utf-8\"><\/script><\/p>\n","protected":false},"excerpt":{"rendered":"<p>Zu einem Brand eines Gartenh\u00e4uschens kam es am Ostersonntag auf der Eisinger Landstra\u00dfe kurz nach dem Ortsausgang Pforzheim. Gegen 16:28<\/p>\n","protected":false},"author":1,"featured_media":792,"comment_status":"open","ping_status":"open","sticky":false,"template":"","format":"standard","meta":{"_monsterinsights_skip_tracking":false,"_monsterinsights_sitenote_active":false,"_monsterinsights_sitenote_note":"","_monsterinsights_sitenote_category":0,"footnotes":""},"categories":[42,41,43,40],"tags":[783,47,676,46,782,780,380,781,377],"_links":{"self":[{"href":"http:\/\/www.goldstadt-tv.de\/index.php\/wp-json\/wp\/v2\/posts\/791"}],"collection":[{"href":"http:\/\/www.goldstadt-tv.de\/index.php\/wp-json\/wp\/v2\/posts"}],"about":[{"href":"http:\/\/www.goldstadt-tv.de\/index.php\/wp-json\/wp\/v2\/types\/post"}],"author":[{"embeddable":true,"href":"http:\/\/www.goldstadt-tv.de\/index.php\/wp-json\/wp\/v2\/users\/1"}],"replies":[{"embeddable":true,"href":"http:\/\/www.goldstadt-tv.de\/index.php\/wp-json\/wp\/v2\/comments?post=791"}],"version-history":[{"count":0,"href":"http:\/\/www.goldstadt-tv.de\/index.php\/wp-json\/wp\/v2\/posts\/791\/revisions"}],"wp:featuredmedia":[{"embeddable":true,"href":"http:\/\/www.goldstadt-tv.de\/index.php\/wp-json\/wp\/v2\/media\/792"}],"wp:attachment":[{"href":"http:\/\/www.goldstadt-tv.de\/index.php\/wp-json\/wp\/v2\/media?parent=791"}],"wp:term":[{"taxonomy":"category","embeddable":true,"href":"http:\/\/www.goldstadt-tv.de\/index.php\/wp-json\/wp\/v2\/categories?post=791"},{"taxonomy":"post_tag","embeddable":true,"href":"http:\/\/www.goldstadt-tv.de\/index.php\/wp-json\/wp\/v2\/tags?post=791"}],"curies":[{"name":"wp","href":"https:\/\/api.w.org\/{rel}","templated":true}]}}