{"id":786,"date":"2017-04-09T16:41:45","date_gmt":"2017-04-09T16:41:45","guid":{"rendered":"http:\/\/www.goldstadt-tv.de\/?p=786"},"modified":"2017-04-09T16:42:25","modified_gmt":"2017-04-09T16:42:25","slug":"pforzheim-teenager-betrunken-mit-leichtkraftrad-unterwegs-2-verletzte-1-davon-schwer","status":"publish","type":"post","link":"http:\/\/www.goldstadt-tv.de\/index.php\/2017\/04\/09\/pforzheim-teenager-betrunken-mit-leichtkraftrad-unterwegs-2-verletzte-1-davon-schwer\/","title":{"rendered":"Pforzheim: Teenager betrunken mit Leichtkraftrad unterwegs &#8211; 2 verletzte, 1 davon schwer &#8211; 08.04.2017"},"content":{"rendered":"<p>Zwei verletzte Jugendliche und ein Sachschaden von mehreren Hundert Euro sind die Folgen eines Verkehrsunfalls, der sich in der Nacht zum Samstag um 03.00 Uhr auf der Heinrich-Wieland-Allee ereignet hat.<br \/>\nZur Unfallzeit waren ein 17-j\u00e4hriger aus einer Enzkreisgemeinde und sein 16-j\u00e4hriger Soziusfahrer mit einem Leichtkraftrad stadtausw\u00e4rts unterwegs. In einer langgezogenen Linkskurve in H\u00f6he des Wartbergs verlor der 17-j\u00e4hrige die Kontrolle \u00fcber sein Fahrzeug und kam nach rechts von der Fahrbahn ab. Das Leichtkraftrad und die beiden Jugendlichen kamen zu Fall und rutschten mehrere Meter \u00fcber den Gehweg in eine angrenzende Gr\u00fcnfl\u00e4che.  Der Fahrer musste schwer verletzt ins Krankenhaus eingeliefert werden. Sein 16-j\u00e4hriger Begleiter kam mit leichteren Blessuren davon.<\/p>\n<p>Bei der Unfallaufnahme stellten die Beamten des Verkehrskommissariats Pforzheim gleich mehrere Gesetzesverst\u00f6\u00dfe fest. Der Fahrer war deutlich alkoholisiert.<br \/>\nAu\u00dferdem konnte er bislang keinen F\u00fchrerschein vorweisen. Nach bisherigen Erkenntnissen war das benutzte Leichtkraftrad nicht zugelassen und nicht versichert. Au\u00dferdem wurden Manipulationen am<br \/>\nZulassungsstempel festgestellt, so die Polizei.<\/p>\n<p><strong>Unfall gesehen? Ihr erreicht uns per Anruf, SMS oder WhatsApp unter 0176\/ 459 179 02. In den Nachtstunden bitte per Anruf.<\/strong><br \/>\n<a data-flickr-embed=\"true\" data-footer=\"true\"  href=\"https:\/\/www.flickr.com\/photos\/goldstadttv\/albums\/72157680383050171\" title=\"Pforzheim: Motorradunfall HWA - 08.04.2017\"><img loading=\"lazy\" decoding=\"async\" src=\"https:\/\/c1.staticflickr.com\/3\/2931\/33935344975_aab6d3c79c_b.jpg\" width=\"1024\" height=\"683\" alt=\"Pforzheim: Motorradunfall HWA - 08.04.2017\"><\/a><script async src=\"\/\/embedr.flickr.com\/assets\/client-code.js\" charset=\"utf-8\"><\/script><\/p>\n","protected":false},"excerpt":{"rendered":"<p>Zwei verletzte Jugendliche und ein Sachschaden von mehreren Hundert Euro sind die Folgen eines Verkehrsunfalls, der sich in der Nacht<\/p>\n","protected":false},"author":1,"featured_media":787,"comment_status":"open","ping_status":"open","sticky":false,"template":"","format":"standard","meta":{"_monsterinsights_skip_tracking":false,"_monsterinsights_sitenote_active":false,"_monsterinsights_sitenote_note":"","_monsterinsights_sitenote_category":0,"footnotes":""},"categories":[42,28,488,40,88],"tags":[779,287,487,776,778,777,263,44,83],"_links":{"self":[{"href":"http:\/\/www.goldstadt-tv.de\/index.php\/wp-json\/wp\/v2\/posts\/786"}],"collection":[{"href":"http:\/\/www.goldstadt-tv.de\/index.php\/wp-json\/wp\/v2\/posts"}],"about":[{"href":"http:\/\/www.goldstadt-tv.de\/index.php\/wp-json\/wp\/v2\/types\/post"}],"author":[{"embeddable":true,"href":"http:\/\/www.goldstadt-tv.de\/index.php\/wp-json\/wp\/v2\/users\/1"}],"replies":[{"embeddable":true,"href":"http:\/\/www.goldstadt-tv.de\/index.php\/wp-json\/wp\/v2\/comments?post=786"}],"version-history":[{"count":0,"href":"http:\/\/www.goldstadt-tv.de\/index.php\/wp-json\/wp\/v2\/posts\/786\/revisions"}],"wp:featuredmedia":[{"embeddable":true,"href":"http:\/\/www.goldstadt-tv.de\/index.php\/wp-json\/wp\/v2\/media\/787"}],"wp:attachment":[{"href":"http:\/\/www.goldstadt-tv.de\/index.php\/wp-json\/wp\/v2\/media?parent=786"}],"wp:term":[{"taxonomy":"category","embeddable":true,"href":"http:\/\/www.goldstadt-tv.de\/index.php\/wp-json\/wp\/v2\/categories?post=786"},{"taxonomy":"post_tag","embeddable":true,"href":"http:\/\/www.goldstadt-tv.de\/index.php\/wp-json\/wp\/v2\/tags?post=786"}],"curies":[{"name":"wp","href":"https:\/\/api.w.org\/{rel}","templated":true}]}}