{"id":783,"date":"2017-04-08T15:37:18","date_gmt":"2017-04-08T15:37:18","guid":{"rendered":"http:\/\/www.goldstadt-tv.de\/?p=783"},"modified":"2017-04-08T15:37:18","modified_gmt":"2017-04-08T15:37:18","slug":"birkenfeld-fahrerin-wollte-auffahrunfall-vermeiden-frontalzusammenstoss-auf-der-regelbaumstrasse-07-04-2017","status":"publish","type":"post","link":"http:\/\/www.goldstadt-tv.de\/index.php\/2017\/04\/08\/birkenfeld-fahrerin-wollte-auffahrunfall-vermeiden-frontalzusammenstoss-auf-der-regelbaumstrasse-07-04-2017\/","title":{"rendered":"Birkenfeld: Fahrerin wollte Auffahrunfall vermeiden, Frontalzusammensto\u00df auf der Regelbaumstra\u00dfe &#8211; 07.04.2017"},"content":{"rendered":"<p>Zu einem Frontalzusammensto\u00df kam es am 07.04.2017, 15.40 Uhr, in Birkenfeld Regelbaumstra\u00dfe, H\u00f6he Alte Dietlinger Stra\u00dfe.<\/p>\n<p>Eine 26-j\u00e4hrige PKW-Fahrerin befuhr die Regelbaumstra\u00dfe in Richtung Birkenfeld. In H\u00f6he der Unfallstelle bemerkte sie, dass vor ihr ein Fahrzeug nach links abbiegen wollte und dahinter bereits ein Fahrzeug hielt.<\/p>\n<p>Als sie bemerkte dass es ihr trotz Bremsvorgang nicht mehr reichen w\u00fcrde anzuhalten, wich sie nach links aus und kollidierte auf dem Fahrstreifen des Gegenverkehrs mit dem PKW einer 49-j\u00e4hrigen Frau aus Engelsbrand.<\/p>\n<p>Im weiteren Verlauf touchierte sie noch den PKW der wartenden 56-j\u00e4hrigen PKW-Fahrerin ebenfalls aus Birkenfeld. Die Unfallverursacherin und die entgegenkommende Fahrerin erlitten schwere Verletzungen, die 56-j\u00e4hrige Frau erlitt einen leichten Schock. Der entstandene Gesamtschaden betr\u00e4gt ca. 20.000 Euro. Die Strecke zwischen Birkenfeld und der Waldschenke war aufgrund des Unfalls voll gesperrt. pm\/igm<\/p>\n<p><strong>Unfall oder Stra\u00dfensperrung gesehen? Ihr erreicht uns per Anruf, SMS oder WhatsApp unter 0176\/ 459 179 02!<\/strong><\/p>\n<p><a data-flickr-embed=\"true\" data-footer=\"true\"  href=\"https:\/\/www.flickr.com\/gp\/goldstadttv\/0FG63J\" title=\"Birkenfeld: Frontalzusammensto\u00df auf Regelbaumstra\u00dfe - 07.04.2017\"><img loading=\"lazy\" decoding=\"async\" src=\"https:\/\/c1.staticflickr.com\/3\/2948\/33100057923_5210135b8f_b.jpg\" width=\"1024\" height=\"683\" alt=\"Birkenfeld: Frontalzusammensto\u00df auf Regelbaumstra\u00dfe - 07.04.2017\"><\/a><script async src=\"\/\/embedr.flickr.com\/assets\/client-code.js\" charset=\"utf-8\"><\/script><\/p>\n","protected":false},"excerpt":{"rendered":"<p>Zu einem Frontalzusammensto\u00df kam es am 07.04.2017, 15.40 Uhr, in Birkenfeld Regelbaumstra\u00dfe, H\u00f6he Alte Dietlinger Stra\u00dfe. Eine 26-j\u00e4hrige PKW-Fahrerin befuhr<\/p>\n","protected":false},"author":1,"featured_media":784,"comment_status":"open","ping_status":"open","sticky":false,"template":"","format":"standard","meta":{"_monsterinsights_skip_tracking":false,"_monsterinsights_sitenote_active":false,"_monsterinsights_sitenote_note":"","_monsterinsights_sitenote_category":0,"footnotes":""},"categories":[219,42,217,88],"tags":[775,222,652,303,377,50,773,555,774,556],"_links":{"self":[{"href":"http:\/\/www.goldstadt-tv.de\/index.php\/wp-json\/wp\/v2\/posts\/783"}],"collection":[{"href":"http:\/\/www.goldstadt-tv.de\/index.php\/wp-json\/wp\/v2\/posts"}],"about":[{"href":"http:\/\/www.goldstadt-tv.de\/index.php\/wp-json\/wp\/v2\/types\/post"}],"author":[{"embeddable":true,"href":"http:\/\/www.goldstadt-tv.de\/index.php\/wp-json\/wp\/v2\/users\/1"}],"replies":[{"embeddable":true,"href":"http:\/\/www.goldstadt-tv.de\/index.php\/wp-json\/wp\/v2\/comments?post=783"}],"version-history":[{"count":0,"href":"http:\/\/www.goldstadt-tv.de\/index.php\/wp-json\/wp\/v2\/posts\/783\/revisions"}],"wp:featuredmedia":[{"embeddable":true,"href":"http:\/\/www.goldstadt-tv.de\/index.php\/wp-json\/wp\/v2\/media\/784"}],"wp:attachment":[{"href":"http:\/\/www.goldstadt-tv.de\/index.php\/wp-json\/wp\/v2\/media?parent=783"}],"wp:term":[{"taxonomy":"category","embeddable":true,"href":"http:\/\/www.goldstadt-tv.de\/index.php\/wp-json\/wp\/v2\/categories?post=783"},{"taxonomy":"post_tag","embeddable":true,"href":"http:\/\/www.goldstadt-tv.de\/index.php\/wp-json\/wp\/v2\/tags?post=783"}],"curies":[{"name":"wp","href":"https:\/\/api.w.org\/{rel}","templated":true}]}}