{"id":779,"date":"2017-04-04T17:47:15","date_gmt":"2017-04-04T17:47:15","guid":{"rendered":"http:\/\/www.goldstadt-tv.de\/?p=779"},"modified":"2017-04-04T17:47:15","modified_gmt":"2017-04-04T17:47:15","slug":"remchingen-von-einer-pferdekutsche-mitgeschleift-66-jaehriger-stirbt-an-der-unfallstelle","status":"publish","type":"post","link":"http:\/\/www.goldstadt-tv.de\/index.php\/2017\/04\/04\/remchingen-von-einer-pferdekutsche-mitgeschleift-66-jaehriger-stirbt-an-der-unfallstelle\/","title":{"rendered":"Remchingen: Von einer Pferdekutsche mitgeschleift &#8211; 66-j\u00e4hriger stirbt an der Unfallstelle"},"content":{"rendered":"<p>Ein tragischer Unfall hat sich am Montag gegen<br \/>\n15.30 Uhr ereignet. Ein 66-j\u00e4hriger Mann war zwischen Pforzheim und Remchingen-Wilferdingen mit seinem Zwei-Pferdegespann mit angeh\u00e4ngten Wagen auf dem Acker neben der Bundesstra\u00dfe 10 unterwegs und aus noch ungekl\u00e4rter Ursache unter den Wagen geraten.<\/p>\n<p>Zeugen stellten fest, dass die beiden Pferde ohne ihren F\u00fchrer auf dem Feld trabten und hielten das Gespann an. Dabei stellten die Ersthelfer fest, dass der Mann unterhalb des Wagens mitgeschleift wurde.<\/p>\n<p>Noch am Unfallort erlag der 66-J\u00e4hrige seinen schweren Verletzungen. Wie genau es zu dem Unfall kam, ist noch unklar.<\/p>\n<p>Die Ermittlungen Verkehrspolizei dazu dauern noch an. Zeugen, die den Vorfall beobachtet haben, werden gebeten, sich beim Verkehrskommissariat Pforzheim, Telefon 07231 \/186-4100, zu melden, so die Polizei in einer Pressemitteilung.<\/p>\n<p><a data-flickr-embed=\"true\" data-footer=\"true\"  href=\"https:\/\/www.flickr.com\/photos\/goldstadttv\/albums\/72157682076618936\" title=\"Remchingen: Pferdeunfall - 03.04.2017\"><img loading=\"lazy\" decoding=\"async\" src=\"https:\/\/c1.staticflickr.com\/3\/2938\/33690705791_95d2e4cbe3_b.jpg\" width=\"1024\" height=\"683\" alt=\"Remchingen: Pferdeunfall - 03.04.2017\"><\/a><script async src=\"\/\/embedr.flickr.com\/assets\/client-code.js\" charset=\"utf-8\"><\/script><\/p>\n","protected":false},"excerpt":{"rendered":"<p>Ein tragischer Unfall hat sich am Montag gegen 15.30 Uhr ereignet. Ein 66-j\u00e4hriger Mann war zwischen Pforzheim und Remchingen-Wilferdingen mit<\/p>\n","protected":false},"author":1,"featured_media":780,"comment_status":"open","ping_status":"open","sticky":false,"template":"","format":"standard","meta":{"_monsterinsights_skip_tracking":false,"_monsterinsights_sitenote_active":false,"_monsterinsights_sitenote_note":"","_monsterinsights_sitenote_category":0,"footnotes":""},"categories":[42,488,206,88],"tags":[772,419,771,770,207,83],"_links":{"self":[{"href":"http:\/\/www.goldstadt-tv.de\/index.php\/wp-json\/wp\/v2\/posts\/779"}],"collection":[{"href":"http:\/\/www.goldstadt-tv.de\/index.php\/wp-json\/wp\/v2\/posts"}],"about":[{"href":"http:\/\/www.goldstadt-tv.de\/index.php\/wp-json\/wp\/v2\/types\/post"}],"author":[{"embeddable":true,"href":"http:\/\/www.goldstadt-tv.de\/index.php\/wp-json\/wp\/v2\/users\/1"}],"replies":[{"embeddable":true,"href":"http:\/\/www.goldstadt-tv.de\/index.php\/wp-json\/wp\/v2\/comments?post=779"}],"version-history":[{"count":0,"href":"http:\/\/www.goldstadt-tv.de\/index.php\/wp-json\/wp\/v2\/posts\/779\/revisions"}],"wp:featuredmedia":[{"embeddable":true,"href":"http:\/\/www.goldstadt-tv.de\/index.php\/wp-json\/wp\/v2\/media\/780"}],"wp:attachment":[{"href":"http:\/\/www.goldstadt-tv.de\/index.php\/wp-json\/wp\/v2\/media?parent=779"}],"wp:term":[{"taxonomy":"category","embeddable":true,"href":"http:\/\/www.goldstadt-tv.de\/index.php\/wp-json\/wp\/v2\/categories?post=779"},{"taxonomy":"post_tag","embeddable":true,"href":"http:\/\/www.goldstadt-tv.de\/index.php\/wp-json\/wp\/v2\/tags?post=779"}],"curies":[{"name":"wp","href":"https:\/\/api.w.org\/{rel}","templated":true}]}}