{"id":769,"date":"2017-03-30T05:22:41","date_gmt":"2017-03-30T05:22:41","guid":{"rendered":"http:\/\/www.goldstadt-tv.de\/?p=769"},"modified":"2017-03-30T05:22:41","modified_gmt":"2017-03-30T05:22:41","slug":"duerrmenz-in-den-gegenverkehr-gekommen-3-verletzte-und-eine-toedlich-verletzte-person","status":"publish","type":"post","link":"http:\/\/www.goldstadt-tv.de\/index.php\/2017\/03\/30\/duerrmenz-in-den-gegenverkehr-gekommen-3-verletzte-und-eine-toedlich-verletzte-person\/","title":{"rendered":"D\u00fcrrmenz: In den Gegenverkehr gekommen &#8211; 3 Verletzte und eine t\u00f6dlich verletzte Person"},"content":{"rendered":"<p>Ein Verkehrsunfall mit t\u00f6dlichem Ausgang<br \/>\nereignete sich am 29.03.2017, 21.05 Uhr, in M\u00fchlacker, L 1134, zw.<br \/>\nD\u00fcrrmenz und Pinache. Ein 20-j\u00e4hriger PKW-Lenker aus M\u00fchlacker befuhr die L 1134 in Richtung M\u00fchlacker. Ausgangs einer absch\u00fcssigen Rechtskurve kam er aus bislang ungekl\u00e4rter Ursache zu weit nach links.<\/p>\n<p>Eine ordnungsgm\u00e4\u00df engegenkommende 29-j\u00e4hrige PKW-Lenkerin aus Niefern-\u00d6schelbronn versuchte noch nach rechts auszuweichen. Es kam dennoch zum Frontalzusammensto\u00df der beiden Fahrzeuge. Beide Fahrzeuge kamen, jeweils in Fahrtrichtung gesehen, nach rechts von der Fahrbahn<br \/>\nab. Der Unfallverursacher wurde in seinem Fahrzeug eingeklemmt und musste von der Feuerwehr geborgen werden. Er erlag noch an der Unfallstelle seinen schweren Verletzungen. Sein Beifahrer, ein 20-j\u00e4hriger Mann aus Pforzheim erlitt schwere Verletzungen.<\/p>\n<p>Die Fahrerin des anderen Fahrzeuges erlitt ebenfalls schwere<br \/>\nVerletzungen, ihr im Fahrzeug befindlicher 6-j\u00e4hriger Sohn wurde nur leicht verletzt, teilt die Polizei in einer Pressemitteilung mit.<\/p>\n<p><a data-flickr-embed=\"true\" data-footer=\"true\"  href=\"https:\/\/www.flickr.com\/photos\/goldstadttv\/albums\/72157680260467950\" title=\"D\u00fcrrmenz: T\u00f6dl. VU - 29.03.2017\"><img loading=\"lazy\" decoding=\"async\" src=\"https:\/\/c1.staticflickr.com\/4\/3759\/33731806015_0841057729_b.jpg\" width=\"1024\" height=\"683\" alt=\"D\u00fcrrmenz: T\u00f6dl. VU - 29.03.2017\"><\/a><script async src=\"\/\/embedr.flickr.com\/assets\/client-code.js\" charset=\"utf-8\"><\/script><\/p>\n","protected":false},"excerpt":{"rendered":"<p>Ein Verkehrsunfall mit t\u00f6dlichem Ausgang ereignete sich am 29.03.2017, 21.05 Uhr, in M\u00fchlacker, L 1134, zw. D\u00fcrrmenz und Pinache. Ein<\/p>\n","protected":false},"author":1,"featured_media":770,"comment_status":"open","ping_status":"open","sticky":false,"template":"","format":"standard","meta":{"_monsterinsights_skip_tracking":false,"_monsterinsights_sitenote_active":false,"_monsterinsights_sitenote_note":"","_monsterinsights_sitenote_category":0,"footnotes":""},"categories":[42,217,388,57],"tags":[760,757,303,758,759,83],"_links":{"self":[{"href":"http:\/\/www.goldstadt-tv.de\/index.php\/wp-json\/wp\/v2\/posts\/769"}],"collection":[{"href":"http:\/\/www.goldstadt-tv.de\/index.php\/wp-json\/wp\/v2\/posts"}],"about":[{"href":"http:\/\/www.goldstadt-tv.de\/index.php\/wp-json\/wp\/v2\/types\/post"}],"author":[{"embeddable":true,"href":"http:\/\/www.goldstadt-tv.de\/index.php\/wp-json\/wp\/v2\/users\/1"}],"replies":[{"embeddable":true,"href":"http:\/\/www.goldstadt-tv.de\/index.php\/wp-json\/wp\/v2\/comments?post=769"}],"version-history":[{"count":0,"href":"http:\/\/www.goldstadt-tv.de\/index.php\/wp-json\/wp\/v2\/posts\/769\/revisions"}],"wp:featuredmedia":[{"embeddable":true,"href":"http:\/\/www.goldstadt-tv.de\/index.php\/wp-json\/wp\/v2\/media\/770"}],"wp:attachment":[{"href":"http:\/\/www.goldstadt-tv.de\/index.php\/wp-json\/wp\/v2\/media?parent=769"}],"wp:term":[{"taxonomy":"category","embeddable":true,"href":"http:\/\/www.goldstadt-tv.de\/index.php\/wp-json\/wp\/v2\/categories?post=769"},{"taxonomy":"post_tag","embeddable":true,"href":"http:\/\/www.goldstadt-tv.de\/index.php\/wp-json\/wp\/v2\/tags?post=769"}],"curies":[{"name":"wp","href":"https:\/\/api.w.org\/{rel}","templated":true}]}}