{"id":757,"date":"2017-03-19T15:59:30","date_gmt":"2017-03-19T15:59:30","guid":{"rendered":"http:\/\/www.goldstadt-tv.de\/?p=757"},"modified":"2017-03-19T15:59:30","modified_gmt":"2017-03-19T15:59:30","slug":"pforzheim-oranierstrasse-zugeparkt-abschlepper-kommt-nicht-durch-feuerwehr-auch-19-03-2017","status":"publish","type":"post","link":"http:\/\/www.goldstadt-tv.de\/index.php\/2017\/03\/19\/pforzheim-oranierstrasse-zugeparkt-abschlepper-kommt-nicht-durch-feuerwehr-auch-19-03-2017\/","title":{"rendered":"Pforzheim: Oranierstra\u00dfe zugeparkt &#8211; Abschlepper kommt nicht durch, Feuerwehr auch? &#8211; 19.03.2017"},"content":{"rendered":"<p>Er musste ein Auto abschleppen, kam jedoch nicht weit. Weil auf der Oranierstra\u00dfe viele Verkehrsteilnehmer ihre Fahrzeuge verkehrswidrig abstellen, kam ein Abschleppwagen samt einem Auto nicht durch die Stra\u00dfe und blieb an einem Fahrzeug mit der Abschleppbrille h\u00e4ngen. Der kleine \u00e4ltere roter Fiat stand unmittelbar vor dem Kreuzungsbereich Oranierstra\u00dfe\/Fondelystra\u00dfe, wie viele andere Verkehrsteilnehmer, welche sich kurz nach dem Unfall auf der Stra\u00dfe versammelten und ihre Probleme mit den Parkpl\u00e4tzen aussprachen. Die herbeigerufene Polizei nahm den Unfall auf, konzentrierte sich aber auch anschlie\u00dfend an die v\u00f6llig zugeparkte Stra\u00dfe. Wo ein Abschleppwagen nicht durchpasst, w\u00fcrde wahrscheinlich auch ein Feuerwehrfahrzeug nicht passen. So bekamen zahlreiche Halter von ihren falschgeparkten Fahrzeugen von der Polizei ein Kn\u00f6llchen.<\/p>\n<p>Die Anwohner auf der Stra\u00dfe beklagen sich: Sie alle haben im Rathaus einen Anwohnerparkausweis geholt, daf\u00fcr auch Geld bezahlt, nutzen k\u00f6nnen sie diesen Ausweis aber nur selten &#8211; dauernd stehen auf den Bewohnerparkpl\u00e4tzen Autos ohne einen Bewohnerausweis. Sie m\u00fcssen sich also einen anderen Parkplatz suchen. Aber auch sonst werden auf den Stra\u00dfen in der Umgebung die Fahrzeuge so abgestellt, grad so wie es passt, ohne Einhaltung der Verkehrsregeln, wie die Situation am heutigen Sonntag es auch gezeigt hat.<\/p>\n<p>Man wandte sich bereits an das Amt f\u00fcr \u00f6ffentliche Ordnung, dessen Reaktion empfindet man jedoch als sehr tr\u00e4ge. Die Beamten des Ordnungsamtes kommen nur selten den abgegebenen Hinweisen nach. Im Rahmen ihrer Kontrollg\u00e4nge werden die Falschparker schon abgemahnt, dies passiere aber nur paar Mal im Monat. Ein Anwohner berichtete, er habe sich an das Amt f\u00fcr \u00f6ffentliche Ordnung mit einem konkreten Hinweis gewandt, gekommen ist jedoch niemand, was den Anwohner stark ver\u00e4rgerte, vor allem, weil er f\u00fcr seinen Anwohnerausweis eine bestimmte Geb\u00fchr entrichtet hat. Ob nach derf Kn\u00f6llchen-Aktion der Polizei in das ostst\u00e4dtische Viertel wieder Ordnung einkehrt, bezweifeln die Anwohner, immer noch in der Hoffnung, die Stadt w\u00fcrde auf die miserable Parksituation reagieren.<\/p>\n<p>\u00a7 12 der Stra\u00dfenverkehrsordnung besagt unter anderem:<\/p>\n<p>Halten und Parken<\/p>\n<p>(1) Das Halten ist unzul\u00e4ssig<br \/>\n1. an engen und an un\u00fcbersichtlichen Stra\u00dfenstellen,<br \/>\n2. im Bereich von scharfen Kurven,<br \/>\n3. auf Einf\u00e4delungs- und auf Ausf\u00e4delungsstreifen,<br \/>\n4. auf Bahn\u00fcberg\u00e4ngen,<br \/>\n5. vor und in amtlich gekennzeichneten Feuerwehrzufahrten.<\/p>\n<p>(2) Wer sein Fahrzeug verl\u00e4sst oder l\u00e4nger als drei Minuten h\u00e4lt, der parkt.<\/p>\n<p>(3) Das Parken ist unzul\u00e4ssig<br \/>\n1. vor und hinter Kreuzungen und Einm\u00fcndungen bis zu je 5 m von den Schnittpunkten der Fahrbahnkanten,<br \/>\n2. wenn es die Benutzung gekennzeichneter Parkfl\u00e4chen verhindert,<br \/>\n3. vor Grundst\u00fccksein- und -ausfahrten, auf schmalen Fahrbahnen auch ihnen gegen\u00fcber,<br \/>\n4. \u00fcber Schachtdeckeln und anderen Verschl\u00fcssen, wo durch Zeichen 315 oder eine Parkfl\u00e4chenmarkierung (Anlage 2 Nummer 74) das Parken auf Gehwegen erlaubt ist,<br \/>\n5. vor Bordsteinabsenkungen.<\/p>\n<p>Vielen Dank f\u00fcr den Hinweis \u00fcber den Vorfall und der allgemeinen Situation in der Oranier- und der Fondelystra\u00dfe per WhatsApp!<br \/>\n<strong><br \/>\nIhr \u00e4rgert euch auch \u00fcber etwas in eurer Stra\u00dfe? Ihr erreicht uns per Anruf, SMS oder WhatsApp unter 0176\/ 459 179 02!<\/strong><\/p>\n<p><a data-flickr-embed=\"true\" data-footer=\"true\"  href=\"https:\/\/www.flickr.com\/photos\/goldstadttv\/albums\/72157681597639325\" title=\"Pforzheim: Abschlepper kommt in der zugeparkten Stra\u00dfe nicht durch - 19.03.2017\"><img loading=\"lazy\" decoding=\"async\" src=\"https:\/\/c1.staticflickr.com\/4\/3840\/33374505622_74f032a9d1_b.jpg\" width=\"1024\" height=\"683\" alt=\"Pforzheim: Abschlepper kommt in der zugeparkten Stra\u00dfe nicht durch - 19.03.2017\"><\/a><script async src=\"\/\/embedr.flickr.com\/assets\/client-code.js\" charset=\"utf-8\"><\/script><\/p>\n","protected":false},"excerpt":{"rendered":"<p>Er musste ein Auto abschleppen, kam jedoch nicht weit. Weil auf der Oranierstra\u00dfe viele Verkehrsteilnehmer ihre Fahrzeuge verkehrswidrig abstellen, kam<\/p>\n","protected":false},"author":1,"featured_media":758,"comment_status":"open","ping_status":"open","sticky":false,"template":"","format":"standard","meta":{"_monsterinsights_skip_tracking":false,"_monsterinsights_sitenote_active":false,"_monsterinsights_sitenote_note":"","_monsterinsights_sitenote_category":0,"footnotes":""},"categories":[42,40,240,57],"tags":[748,171,85,747,746,745,744,83],"_links":{"self":[{"href":"http:\/\/www.goldstadt-tv.de\/index.php\/wp-json\/wp\/v2\/posts\/757"}],"collection":[{"href":"http:\/\/www.goldstadt-tv.de\/index.php\/wp-json\/wp\/v2\/posts"}],"about":[{"href":"http:\/\/www.goldstadt-tv.de\/index.php\/wp-json\/wp\/v2\/types\/post"}],"author":[{"embeddable":true,"href":"http:\/\/www.goldstadt-tv.de\/index.php\/wp-json\/wp\/v2\/users\/1"}],"replies":[{"embeddable":true,"href":"http:\/\/www.goldstadt-tv.de\/index.php\/wp-json\/wp\/v2\/comments?post=757"}],"version-history":[{"count":0,"href":"http:\/\/www.goldstadt-tv.de\/index.php\/wp-json\/wp\/v2\/posts\/757\/revisions"}],"wp:featuredmedia":[{"embeddable":true,"href":"http:\/\/www.goldstadt-tv.de\/index.php\/wp-json\/wp\/v2\/media\/758"}],"wp:attachment":[{"href":"http:\/\/www.goldstadt-tv.de\/index.php\/wp-json\/wp\/v2\/media?parent=757"}],"wp:term":[{"taxonomy":"category","embeddable":true,"href":"http:\/\/www.goldstadt-tv.de\/index.php\/wp-json\/wp\/v2\/categories?post=757"},{"taxonomy":"post_tag","embeddable":true,"href":"http:\/\/www.goldstadt-tv.de\/index.php\/wp-json\/wp\/v2\/tags?post=757"}],"curies":[{"name":"wp","href":"https:\/\/api.w.org\/{rel}","templated":true}]}}