{"id":747,"date":"2017-02-19T16:54:34","date_gmt":"2017-02-19T16:54:34","guid":{"rendered":"http:\/\/www.goldstadt-tv.de\/?p=747"},"modified":"2017-02-19T16:54:34","modified_gmt":"2017-02-19T16:54:34","slug":"a8-zw-karlsbad-und-pforzheim-west-unfall-nach-rechtsueberholen-19-02-2017","status":"publish","type":"post","link":"http:\/\/www.goldstadt-tv.de\/index.php\/2017\/02\/19\/a8-zw-karlsbad-und-pforzheim-west-unfall-nach-rechtsueberholen-19-02-2017\/","title":{"rendered":"A8 zw. Karlsbad und Pforzheim-West: Unfall nach Rechts\u00fcberholen &#8211; 19.02.2017"},"content":{"rendered":"<p>Gro\u00dfe Auswirkungen hatte das Vorhaben des rechts\u00fcberholens eines Mercedes-Fahrers auf der A8 in Fahrtrichtung Stuttgart zwischen Karlsbad und Pforzheim-West. Der flie\u00dfende Verkehr war dem Daimler-Fahrer wohl zu langsam, also entschied er sich, die fahrenden Fahrzeuge von rechts zu \u00fcberholen.So \u00fcberholte er von rechts einen fahrenden silbernen VW. Beim Wiedereinscheren vor den Volkswagen ber\u00fchrten sich jedoch die beiden Fahrzeuge, wonach sich den VW gedreht hat. Dabei fuhr der VW gegen die Leitplanke und kam stark besch\u00e4digt mit der Windschutzscheibe gegen die Fahrtrichtung auf der linken Spur zum stehen. Ein nachfolgender Huinday-Fahrer versuchte, den Zusammensto\u00df mit dem VW zu vermeiden. Das ist dem Fahrer auch gelungen, jedoch stellte auch sein Fahrzeug sich auf der linken Spur queer und fuhr ebenfalls gegen die Leitplanke. Bei dem Unfall wurde eine Person verletzt. Die linke Fahrspur musste f\u00fcr die Dauer der Unfallaufnahme in H\u00f6he der Unfallstelle gesperrt werden. F\u00fcr die Dauer der Bergung der Fahrzeuge musste die A8 in Fahrtrichtung Stuttgart f\u00fcr einige Minuten komplett gesperrt werden, es entstand ein kilometerlanger Stau.<\/p>\n<p><strong>Vielen Dank f\u00fcr die Info \u00fcber den Unfall \u00fcber die Fahrercommunity Waze! Infos \u00fcber Unf\u00e4lle sowie andere Erignisse k\u00f6nnen per Anruf, SMS oder WhatsApp an unser Infotelefon unter 0176\/ 459 179 02 mitgeteilt werden!<\/strong><\/p>\n<p><a data-flickr-embed=\"true\" data-footer=\"true\"  href=\"https:\/\/www.flickr.com\/photos\/goldstadttv\/albums\/72157678684225021\" title=\"A8 zw. karlsbad und Pforzheim-West: Unfall nach Rechts\u00fcberholen - 19.02.2017\"><img loading=\"lazy\" decoding=\"async\" src=\"https:\/\/c1.staticflickr.com\/3\/2676\/32868573361_c4219d61a6_b.jpg\" width=\"683\" height=\"1024\" alt=\"A8 zw. karlsbad und Pforzheim-West: Unfall nach Rechts\u00fcberholen - 19.02.2017\"><\/a><script async src=\"\/\/embedr.flickr.com\/assets\/client-code.js\" charset=\"utf-8\"><\/script><\/p>\n","protected":false},"excerpt":{"rendered":"<p>Gro\u00dfe Auswirkungen hatte das Vorhaben des rechts\u00fcberholens eines Mercedes-Fahrers auf der A8 in Fahrtrichtung Stuttgart zwischen Karlsbad und Pforzheim-West. Der<\/p>\n","protected":false},"author":1,"featured_media":748,"comment_status":"open","ping_status":"open","sticky":false,"template":"","format":"standard","meta":{"_monsterinsights_skip_tracking":false,"_monsterinsights_sitenote_active":false,"_monsterinsights_sitenote_note":"","_monsterinsights_sitenote_category":0,"footnotes":""},"categories":[167,42,488,88],"tags":[738,169,740,636,736,735,737,716,83,739],"_links":{"self":[{"href":"http:\/\/www.goldstadt-tv.de\/index.php\/wp-json\/wp\/v2\/posts\/747"}],"collection":[{"href":"http:\/\/www.goldstadt-tv.de\/index.php\/wp-json\/wp\/v2\/posts"}],"about":[{"href":"http:\/\/www.goldstadt-tv.de\/index.php\/wp-json\/wp\/v2\/types\/post"}],"author":[{"embeddable":true,"href":"http:\/\/www.goldstadt-tv.de\/index.php\/wp-json\/wp\/v2\/users\/1"}],"replies":[{"embeddable":true,"href":"http:\/\/www.goldstadt-tv.de\/index.php\/wp-json\/wp\/v2\/comments?post=747"}],"version-history":[{"count":0,"href":"http:\/\/www.goldstadt-tv.de\/index.php\/wp-json\/wp\/v2\/posts\/747\/revisions"}],"wp:featuredmedia":[{"embeddable":true,"href":"http:\/\/www.goldstadt-tv.de\/index.php\/wp-json\/wp\/v2\/media\/748"}],"wp:attachment":[{"href":"http:\/\/www.goldstadt-tv.de\/index.php\/wp-json\/wp\/v2\/media?parent=747"}],"wp:term":[{"taxonomy":"category","embeddable":true,"href":"http:\/\/www.goldstadt-tv.de\/index.php\/wp-json\/wp\/v2\/categories?post=747"},{"taxonomy":"post_tag","embeddable":true,"href":"http:\/\/www.goldstadt-tv.de\/index.php\/wp-json\/wp\/v2\/tags?post=747"}],"curies":[{"name":"wp","href":"https:\/\/api.w.org\/{rel}","templated":true}]}}