{"id":740,"date":"2017-01-21T22:52:47","date_gmt":"2017-01-21T22:52:47","guid":{"rendered":"http:\/\/www.goldstadt-tv.de\/?p=740"},"modified":"2017-01-21T22:52:47","modified_gmt":"2017-01-21T22:52:47","slug":"pforzheim-gegen-geparkten-gefahren-21-01-2017","status":"publish","type":"post","link":"http:\/\/www.goldstadt-tv.de\/index.php\/2017\/01\/21\/pforzheim-gegen-geparkten-gefahren-21-01-2017\/","title":{"rendered":"Pforzheim: Gegen geparkten gefahren &#8211; 21.01.2017"},"content":{"rendered":"<p>Zu einem gr\u00f6\u00dferen Unfall kam es am Samstagabend gegen 21:15 Uhr auf der Maximilianstra\u00dfe in H\u00f6he der Firma Bader. Ein Ford-Fahrer befuhr die Maxi aus Richtung der Innenstadt in Fahrtrichtung Br\u00f6tzingen, als er aus ungekl\u00e4rter Ursache gegen einen geparkten franz\u00f6sischen Lieferwagen fuhr. Nach dem Aufprall drehte sich der Ford und blieb in der gedrehter Position zum stehen. Dabei wurde eine Person des Fords so schwer verletzt, dass sie noch vor Ort von einem Notarzt behandelt werden musste und mit mittelschweren Verletzungen in ein Krankenhaus gebracht wurde,. Es entstand ein Sachschaden von ca. 8.000 \u20ac. Der verunfallte Ford musste abgeschleppt werden. Aufgrund der Rettungsfahrezuge war die Maximilianstra\u00dfe einige Zeit in beide Richtungen gesperrt, sp\u00e4ter nur mit einem Fahrstreifen in beide Richtungen befahrbar.<\/p>\n<p>Danke f\u00fcr die Info per WhatsApp!<br \/>\nMeldet Unf\u00e4lle anonym rund um die Uhr per Telefon, SMS oder WhatsApp an 0176\/ 459 179 02 oder \u00fcber die VerkehrsApp Waze!<\/p>\n<p><a data-flickr-embed=\"true\" data-footer=\"true\"  href=\"https:\/\/www.flickr.com\/photos\/goldstadttv\/albums\/72157675794630283\" title=\"Pforzheim: Gegen geparkten gefahren - 21.01.2017\"><img loading=\"lazy\" decoding=\"async\" src=\"https:\/\/c1.staticflickr.com\/1\/261\/31635712713_fc3548ffc0_b.jpg\" width=\"1024\" height=\"683\" alt=\"Pforzheim: Gegen geparkten gefahren - 21.01.2017\"><\/a><script async src=\"\/\/embedr.flickr.com\/assets\/client-code.js\" charset=\"utf-8\"><\/script><\/p>\n","protected":false},"excerpt":{"rendered":"<p>Zu einem gr\u00f6\u00dferen Unfall kam es am Samstagabend gegen 21:15 Uhr auf der Maximilianstra\u00dfe in H\u00f6he der Firma Bader. Ein<\/p>\n","protected":false},"author":1,"featured_media":741,"comment_status":"open","ping_status":"open","sticky":false,"template":"","format":"standard","meta":{"_monsterinsights_skip_tracking":false,"_monsterinsights_sitenote_active":false,"_monsterinsights_sitenote_note":"","_monsterinsights_sitenote_category":0,"footnotes":""},"categories":[42,488,40,88],"tags":[727,46,730,729,262,93,725,726,731,44,50,596,83,728,140],"_links":{"self":[{"href":"http:\/\/www.goldstadt-tv.de\/index.php\/wp-json\/wp\/v2\/posts\/740"}],"collection":[{"href":"http:\/\/www.goldstadt-tv.de\/index.php\/wp-json\/wp\/v2\/posts"}],"about":[{"href":"http:\/\/www.goldstadt-tv.de\/index.php\/wp-json\/wp\/v2\/types\/post"}],"author":[{"embeddable":true,"href":"http:\/\/www.goldstadt-tv.de\/index.php\/wp-json\/wp\/v2\/users\/1"}],"replies":[{"embeddable":true,"href":"http:\/\/www.goldstadt-tv.de\/index.php\/wp-json\/wp\/v2\/comments?post=740"}],"version-history":[{"count":0,"href":"http:\/\/www.goldstadt-tv.de\/index.php\/wp-json\/wp\/v2\/posts\/740\/revisions"}],"wp:featuredmedia":[{"embeddable":true,"href":"http:\/\/www.goldstadt-tv.de\/index.php\/wp-json\/wp\/v2\/media\/741"}],"wp:attachment":[{"href":"http:\/\/www.goldstadt-tv.de\/index.php\/wp-json\/wp\/v2\/media?parent=740"}],"wp:term":[{"taxonomy":"category","embeddable":true,"href":"http:\/\/www.goldstadt-tv.de\/index.php\/wp-json\/wp\/v2\/categories?post=740"},{"taxonomy":"post_tag","embeddable":true,"href":"http:\/\/www.goldstadt-tv.de\/index.php\/wp-json\/wp\/v2\/tags?post=740"}],"curies":[{"name":"wp","href":"https:\/\/api.w.org\/{rel}","templated":true}]}}