{"id":733,"date":"2017-01-14T19:46:04","date_gmt":"2017-01-14T19:46:04","guid":{"rendered":"http:\/\/www.goldstadt-tv.de\/?p=733"},"modified":"2017-01-14T19:46:04","modified_gmt":"2017-01-14T19:46:04","slug":"a5-bei-bruchsal-pkw-vollstaendig-ausgebrannt-14-01-2017","status":"publish","type":"post","link":"http:\/\/www.goldstadt-tv.de\/index.php\/2017\/01\/14\/a5-bei-bruchsal-pkw-vollstaendig-ausgebrannt-14-01-2017\/","title":{"rendered":"A5 bei Bruchsal: PKW vollst\u00e4ndig ausgebrannt &#8211; 14.01.2017"},"content":{"rendered":"<p>Vollst\u00e4ndig ausgebrannt ist ein PKW auf der Abfahrt zum Rasthof Bruchsal in Fahrtrichtung Karlsruhe. Die PKW Lenkerin aus dem<br \/>\nHeidelberger Raum kam unverletzt mit dem Schrecken davon.<\/p>\n<p>Am Samstagmittag wurde um 12.19 Uhr die Bruchsaler Feuerwehr und die Feuerwehr Forst zu einem PKW auf die BAB 5 gerufen. Direkt an der Zufahrt zum Rasthof Bruchsal in Richtung Karlsruhe stand ein PKW im Vollbrand. Aus noch nicht gekl\u00e4rten Umst\u00e4nden fing das Fahrzeug Feuer, die Fahrerin konnte ihr Fahrzeug allerdings rechtzeitig unverletzt verlassen.<\/p>\n<p>Unter Atemschutz, mit einem C-Rohr und einer Hochdruckl\u00f6schanlage, konnte die Feuerwehr den Brand recht schnell eind\u00e4mmen. Der Brand war allerdings soweit fortgeschritten dass der Wagen mit viel Wasser abgek\u00fchlt werden musste. Mit einer W\u00e4rmebildkamera wurden die letzten Glutnester aufgesp\u00fcrt und abgel\u00f6scht.<\/p>\n<p>W\u00e4hrend der L\u00f6sch- und Bergema\u00dfnahmen musste der rechte Fahrstreifen gesperrt werden. Hierdurch kam es zu einem R\u00fcckstau auf der Autobahn. Wie es zu dem Brand kam ist bisher noch unklar. An dem Fahrzeug entstand ein Totalschaden. Das Fahrzeugwrack wurde von einem Bergeunternehmen aufgenommen und abtransportiert. Anschlie\u00dfend reinigte die Feuerwehr noch die Fahrbahn, teilt die freiwillige Feuerwehr Bruchsal in ihrer Pressemitteilung mit.<\/p>\n<p><a data-flickr-embed=\"true\" data-footer=\"true\"  href=\"https:\/\/www.flickr.com\/photos\/goldstadttv\/albums\/72157677437358061\" title=\"A5 bei Bruchsal - PKW brennt vollst\u00e4ndig aus - 14.01.2017\"><img loading=\"lazy\" decoding=\"async\" src=\"https:\/\/c1.staticflickr.com\/1\/620\/31497398873_b900afb6e2_b.jpg\" width=\"1024\" height=\"683\" alt=\"A5 bei Bruchsal - PKW brennt vollst\u00e4ndig aus - 14.01.2017\"><\/a><script async src=\"\/\/embedr.flickr.com\/assets\/client-code.js\" charset=\"utf-8\"><\/script><\/p>\n","protected":false},"excerpt":{"rendered":"<p>Vollst\u00e4ndig ausgebrannt ist ein PKW auf der Abfahrt zum Rasthof Bruchsal in Fahrtrichtung Karlsruhe. Die PKW Lenkerin aus dem Heidelberger<\/p>\n","protected":false},"author":1,"featured_media":734,"comment_status":"open","ping_status":"open","sticky":false,"template":"","format":"standard","meta":{"_monsterinsights_skip_tracking":false,"_monsterinsights_sitenote_active":false,"_monsterinsights_sitenote_note":"","_monsterinsights_sitenote_category":0,"footnotes":""},"categories":[274,42,41,368,43],"tags":[715,275,47,313,46,714,416,50,713,716],"_links":{"self":[{"href":"http:\/\/www.goldstadt-tv.de\/index.php\/wp-json\/wp\/v2\/posts\/733"}],"collection":[{"href":"http:\/\/www.goldstadt-tv.de\/index.php\/wp-json\/wp\/v2\/posts"}],"about":[{"href":"http:\/\/www.goldstadt-tv.de\/index.php\/wp-json\/wp\/v2\/types\/post"}],"author":[{"embeddable":true,"href":"http:\/\/www.goldstadt-tv.de\/index.php\/wp-json\/wp\/v2\/users\/1"}],"replies":[{"embeddable":true,"href":"http:\/\/www.goldstadt-tv.de\/index.php\/wp-json\/wp\/v2\/comments?post=733"}],"version-history":[{"count":0,"href":"http:\/\/www.goldstadt-tv.de\/index.php\/wp-json\/wp\/v2\/posts\/733\/revisions"}],"wp:featuredmedia":[{"embeddable":true,"href":"http:\/\/www.goldstadt-tv.de\/index.php\/wp-json\/wp\/v2\/media\/734"}],"wp:attachment":[{"href":"http:\/\/www.goldstadt-tv.de\/index.php\/wp-json\/wp\/v2\/media?parent=733"}],"wp:term":[{"taxonomy":"category","embeddable":true,"href":"http:\/\/www.goldstadt-tv.de\/index.php\/wp-json\/wp\/v2\/categories?post=733"},{"taxonomy":"post_tag","embeddable":true,"href":"http:\/\/www.goldstadt-tv.de\/index.php\/wp-json\/wp\/v2\/tags?post=733"}],"curies":[{"name":"wp","href":"https:\/\/api.w.org\/{rel}","templated":true}]}}