{"id":70,"date":"2015-08-18T17:15:59","date_gmt":"2015-08-18T17:15:59","guid":{"rendered":"http:\/\/www.goldstadt-tv.de\/?p=70"},"modified":"2015-08-19T16:38:08","modified_gmt":"2015-08-19T16:38:08","slug":"karlsruhe-neuer-altbatteriesammelbehaelter","status":"publish","type":"post","link":"http:\/\/www.goldstadt-tv.de\/index.php\/2015\/08\/18\/karlsruhe-neuer-altbatteriesammelbehaelter\/","title":{"rendered":"Karlsruhe: Neuer Altbatteriesammelbeh\u00e4lter f\u00fcr die F\u00e4cherstadt"},"content":{"rendered":"<p style=\"text-align: left;\">Bereits in der Seldeneckstra\u00dfe aufgestellt, bekommt Karlsruhe nach und nach neue Altbatteriesammelbeh\u00e4lter.<\/p>\n<p style=\"text-align: left;\"><strong>Wussten Sie, dass&#8230;.<\/strong><\/p>\n<ul>\n<li style=\"text-align: left;\"><span style=\"text-decoration: underline;\"><strong>der erste<\/strong><\/span> Altbatteriebeh\u00e4lter in der F\u00e4cherstadt in den 90er Jahren aufgestellt wurde?<\/li>\n<li style=\"text-align: left;\">Im Bereich der Stadt Karlsruhe derzeit <span style=\"text-decoration: underline;\"><strong>285<\/strong><\/span> Altbatteriebeh\u00e4lter stehen?<\/li>\n<li style=\"text-align: left;\">Die Anzahl der Beh\u00e4lter in der nahen Zukunft auf <span style=\"text-decoration: underline;\"><strong>320<\/strong><\/span> Beh\u00e4lter erh\u00f6ht wird?<\/li>\n<li style=\"text-align: left;\">Im Jahr rund <span style=\"text-decoration: underline;\"><strong>35 Tonnen<\/strong><\/span> Altbatterien und Akkus auf diesem Weg eingesammelt werden?<\/li>\n<li style=\"text-align: left;\">Laut dem Fotografen Igor Myroshnichenko die neuen Beh\u00e4lter wie hungrige Roboter aussehen, die nur darauf warten, mit alten Batterien und Akkus gef\u00fcttert zu werden?<\/li>\n<\/ul>\n<p><a title=\"\" href=\"http:\/\/www.ka-news.de\/region\/karlsruhe\/Karlsruhe~\/Recycling-in-Karlsruhe-Hier-koennen-Sie-Ihre-alten-Batterien-loswerden;art6066,1711511\"><img loading=\"lazy\" decoding=\"async\" class=\"aligncenter wp-image-77 size-large\" src=\"http:\/\/www.goldstadt-tv.de\/wp-content\/uploads\/2015\/08\/altbatteriesammelcontainer_kanews-1024x476.jpg\" alt=\"altbatteriesammelcontainer_kanews\" width=\"660\" height=\"307\" srcset=\"http:\/\/www.goldstadt-tv.de\/wp-content\/uploads\/2015\/08\/altbatteriesammelcontainer_kanews-1024x476.jpg 1024w, http:\/\/www.goldstadt-tv.de\/wp-content\/uploads\/2015\/08\/altbatteriesammelcontainer_kanews-300x139.jpg 300w, http:\/\/www.goldstadt-tv.de\/wp-content\/uploads\/2015\/08\/altbatteriesammelcontainer_kanews.jpg 1236w\" sizes=\"(max-width: 660px) 100vw, 660px\" \/><\/a><\/p>\n<p><a title=\"Karlsruhe: Neuer Altbatteriecontainer - 18.08.2015\" href=\"https:\/\/www.flickr.com\/photos\/goldstadttv\/albums\/72157657017058299\" data-flickr-embed=\"true\" data-header=\"false\" data-footer=\"false\" data-context=\"false\"><img loading=\"lazy\" decoding=\"async\" title=\"\" src=\"https:\/\/farm1.staticflickr.com\/768\/20063019613_2c4aa182af_c.jpg\" alt=\"Karlsruhe: Neuer Altbatteriecontainer - 18.08.2015\" width=\"800\" height=\"534\" \/><\/a><script src=\"\/\/embedr.flickr.com\/assets\/client-code.js\" async=\"\" charset=\"utf-8\"><\/script><\/p>\n","protected":false},"excerpt":{"rendered":"<p>Bereits in der Seldeneckstra\u00dfe aufgestellt, bekommt Karlsruhe nach und nach neue Altbatteriesammelbeh\u00e4lter. Wussten Sie, dass&#8230;. der erste Altbatteriebeh\u00e4lter in der<\/p>\n","protected":false},"author":1,"featured_media":74,"comment_status":"open","ping_status":"open","sticky":false,"template":"","format":"standard","meta":{"_monsterinsights_skip_tracking":false,"_monsterinsights_sitenote_active":false,"_monsterinsights_sitenote_note":"","_monsterinsights_sitenote_category":0,"footnotes":""},"categories":[2],"tags":[54,56,52,51,55,53],"_links":{"self":[{"href":"http:\/\/www.goldstadt-tv.de\/index.php\/wp-json\/wp\/v2\/posts\/70"}],"collection":[{"href":"http:\/\/www.goldstadt-tv.de\/index.php\/wp-json\/wp\/v2\/posts"}],"about":[{"href":"http:\/\/www.goldstadt-tv.de\/index.php\/wp-json\/wp\/v2\/types\/post"}],"author":[{"embeddable":true,"href":"http:\/\/www.goldstadt-tv.de\/index.php\/wp-json\/wp\/v2\/users\/1"}],"replies":[{"embeddable":true,"href":"http:\/\/www.goldstadt-tv.de\/index.php\/wp-json\/wp\/v2\/comments?post=70"}],"version-history":[{"count":0,"href":"http:\/\/www.goldstadt-tv.de\/index.php\/wp-json\/wp\/v2\/posts\/70\/revisions"}],"wp:featuredmedia":[{"embeddable":true,"href":"http:\/\/www.goldstadt-tv.de\/index.php\/wp-json\/wp\/v2\/media\/74"}],"wp:attachment":[{"href":"http:\/\/www.goldstadt-tv.de\/index.php\/wp-json\/wp\/v2\/media?parent=70"}],"wp:term":[{"taxonomy":"category","embeddable":true,"href":"http:\/\/www.goldstadt-tv.de\/index.php\/wp-json\/wp\/v2\/categories?post=70"},{"taxonomy":"post_tag","embeddable":true,"href":"http:\/\/www.goldstadt-tv.de\/index.php\/wp-json\/wp\/v2\/tags?post=70"}],"curies":[{"name":"wp","href":"https:\/\/api.w.org\/{rel}","templated":true}]}}