{"id":7,"date":"2015-07-21T18:15:40","date_gmt":"2015-07-21T18:15:40","guid":{"rendered":"http:\/\/www.goldstadt-tv.de\/?p=7"},"modified":"2015-08-04T19:19:06","modified_gmt":"2015-08-04T19:19:06","slug":"karlsruhe-oberbuergermeister-frank-mentrup-eroeffnet-turmbergterasse","status":"publish","type":"post","link":"http:\/\/www.goldstadt-tv.de\/index.php\/2015\/07\/21\/karlsruhe-oberbuergermeister-frank-mentrup-eroeffnet-turmbergterasse\/","title":{"rendered":"Karlsruhe: Oberb\u00fcrgermeister Frank Mentrup er\u00f6ffnet Turmbergterrasse"},"content":{"rendered":"<p>Die neu gestaltete Turmbergterrasse ist zum 300. Stadtgeburtstag fertig gestellt worden. Im Rahmen eines kleinen B\u00fcrgerfests \u00fcbergaben Oberb\u00fcrgermeister Dr. Frank Mentrup und die Durlacher Ortsvorsteherin Alexandra Ries das Bauwerk am kommenden Dienstag, 21. Juli offiziell an die Bev\u00f6lkerung.<\/p>\n<p>Dabei erl\u00e4uterten nach der Begr\u00fc\u00dfung durch OB Mentrup und einer kurzen Ansprache von Alexandra Ries Landschaftsarchitekt Stefan Fromm und Architektin Annette H\u00e4hnig den Besuchern der Feier das Projekt. Danach sorgten dann die \u201eInvisible Pinguins\u201c f\u00fcr die musikalische Umrahmung, Vogelbr\u00e4u, das Restaurant Anders und die Freiwillige Feuerwehr Durlach f\u00fcr Speis und Trank.<\/p>\n<p><object width=\"800\" height=\"600\"><param name=\"flashvars\" value=\"offsite=true&amp;lang=de-de&amp;page_show_url=%2Fphotos%2Fgoldstadttv%2Fsets%2F72157656109474556%2Fshow%2F&amp;page_show_back_url=%2Fphotos%2Fgoldstadttv%2Fsets%2F72157656109474556%2F&amp;set_id=72157656109474556&amp;jump_to=\" \/><param name=\"movie\" value=\"https:\/\/www.flickr.com\/apps\/slideshow\/show.swf?v=1811922554\" \/><param name=\"allowFullScreen\" value=\"true\" \/><embed type=\"application\/x-shockwave-flash\" src=\"https:\/\/www.flickr.com\/apps\/slideshow\/show.swf?v=1811922554\" allowfullscreen=\"allowfullscreen\" flashvars=\"offsite=true&amp;lang=de-de&amp;page_show_url=%2Fphotos%2Fgoldstadttv%2Fsets%2F72157656109474556%2Fshow%2F&amp;page_show_back_url=%2Fphotos%2Fgoldstadttv%2Fsets%2F72157656109474556%2F&amp;set_id=72157656109474556&amp;jump_to=\" width=\"800\" height=\"600\" \/><\/object><\/p>\n","protected":false},"excerpt":{"rendered":"<p>Die neu gestaltete Turmbergterrasse ist zum 300. Stadtgeburtstag fertig gestellt worden. Im Rahmen eines kleinen B\u00fcrgerfests \u00fcbergaben Oberb\u00fcrgermeister Dr. Frank<\/p>\n","protected":false},"author":1,"featured_media":11,"comment_status":"open","ping_status":"open","sticky":false,"template":"","format":"standard","meta":{"_monsterinsights_skip_tracking":false,"_monsterinsights_sitenote_active":false,"_monsterinsights_sitenote_note":"","_monsterinsights_sitenote_category":0,"footnotes":""},"categories":[3,4,2],"tags":[11,6,8,10,12,5,7,9],"_links":{"self":[{"href":"http:\/\/www.goldstadt-tv.de\/index.php\/wp-json\/wp\/v2\/posts\/7"}],"collection":[{"href":"http:\/\/www.goldstadt-tv.de\/index.php\/wp-json\/wp\/v2\/posts"}],"about":[{"href":"http:\/\/www.goldstadt-tv.de\/index.php\/wp-json\/wp\/v2\/types\/post"}],"author":[{"embeddable":true,"href":"http:\/\/www.goldstadt-tv.de\/index.php\/wp-json\/wp\/v2\/users\/1"}],"replies":[{"embeddable":true,"href":"http:\/\/www.goldstadt-tv.de\/index.php\/wp-json\/wp\/v2\/comments?post=7"}],"version-history":[{"count":0,"href":"http:\/\/www.goldstadt-tv.de\/index.php\/wp-json\/wp\/v2\/posts\/7\/revisions"}],"wp:featuredmedia":[{"embeddable":true,"href":"http:\/\/www.goldstadt-tv.de\/index.php\/wp-json\/wp\/v2\/media\/11"}],"wp:attachment":[{"href":"http:\/\/www.goldstadt-tv.de\/index.php\/wp-json\/wp\/v2\/media?parent=7"}],"wp:term":[{"taxonomy":"category","embeddable":true,"href":"http:\/\/www.goldstadt-tv.de\/index.php\/wp-json\/wp\/v2\/categories?post=7"},{"taxonomy":"post_tag","embeddable":true,"href":"http:\/\/www.goldstadt-tv.de\/index.php\/wp-json\/wp\/v2\/tags?post=7"}],"curies":[{"name":"wp","href":"https:\/\/api.w.org\/{rel}","templated":true}]}}