{"id":691,"date":"2016-12-03T14:51:05","date_gmt":"2016-12-03T14:51:05","guid":{"rendered":"http:\/\/www.goldstadt-tv.de\/?p=691"},"modified":"2016-12-03T14:51:05","modified_gmt":"2016-12-03T14:51:05","slug":"pforzheim-millionenschaden-beim-brand-bei-suedwestbus-03-12-2016","status":"publish","type":"post","link":"http:\/\/www.goldstadt-tv.de\/index.php\/2016\/12\/03\/pforzheim-millionenschaden-beim-brand-bei-suedwestbus-03-12-2016\/","title":{"rendered":"Pforzheim: Millionenschaden beim Brand bei S\u00fcdwestbus &#8211; 03.12.2016"},"content":{"rendered":"<p>Ein Anwohner stellte am fr\u00fchen Samstagmorgen um 04:09 Uhr Feuerschein auf dem Gel\u00e4nde eines Busunternehmens in der Bl\u00fccherstra\u00dfe fest &#8211; ein dort abgestellter Linienbus war in Brand geraten. Das Feuer griff schnell auf f\u00fcnf weitere in unmittelbarer N\u00e4he abgestellte Linienbusse \u00fcber, welche allesamt ein Raub der Flammen wurden. Beim \u00fcber mehrere Stunden andauernden L\u00f6scheinsatz zog sich ein Feuerwehrmann leichte Verletzungen zu. <\/p>\n<p>Der entstandene Gesamtschaden wird auf rund 1 Million Euro gesch\u00e4tzt.<br \/>\nDie Busse waren zum Teil bis 03:00 Uhr noch im Linienverkehr eingesetzt und wurden dann im Anschluss auf dem Betriebsgel\u00e4nde des Busunternehmens abgestellt. <\/p>\n<p>Die Kriminalpolizei Pforzheim hat die Ermittlungen \u00fcbernommen. Nach derzeitigem und damit vorl\u00e4ufigem Ermittlungsstand gehen Staatsanwaltschaft Pforzheim und Polizei von einem technischen Defekt als Brandursache aus. Hinweise auf eine Brandstiftung liegen nicht vor. In Abstimmung zwischen Staatsanwaltschaft und Kriminalpolizei wird die Brand\u00f6rtlichkeit am Montag mit einem Sachverst\u00e4ndigen zur weiteren Kl\u00e4rung der Brandursache aufgesucht. <\/p>\n<p>Danke f\u00fcr die Info per WhatsApp und Telefon!<\/p>\n<p><strong>Meldet Br\u00e4nde anonym rund um die Uhr per Telefon, SMS oder WhatsApp an 0176\/ 459 179 02!<\/strong><\/p>\n<p><a data-flickr-embed=\"true\" data-footer=\"true\"  href=\"https:\/\/www.flickr.com\/photos\/goldstadttv\/albums\/72157673424986193\" title=\"Pforzheim: Busbrand - S\u00fcdwestbus - 03.12.2016\"><img loading=\"lazy\" decoding=\"async\" src=\"https:\/\/c7.staticflickr.com\/6\/5511\/31022807990_eaa0be584e_b.jpg\" width=\"1024\" height=\"683\" alt=\"Pforzheim: Busbrand - S\u00fcdwestbus - 03.12.2016\"><\/a><script async src=\"\/\/embedr.flickr.com\/assets\/client-code.js\" charset=\"utf-8\"><\/script><\/p>\n","protected":false},"excerpt":{"rendered":"<p>Ein Anwohner stellte am fr\u00fchen Samstagmorgen um 04:09 Uhr Feuerschein auf dem Gel\u00e4nde eines Busunternehmens in der Bl\u00fccherstra\u00dfe fest &#8211;<\/p>\n","protected":false},"author":1,"featured_media":692,"comment_status":"open","ping_status":"open","sticky":false,"template":"","format":"standard","meta":{"_monsterinsights_skip_tracking":false,"_monsterinsights_sitenote_active":false,"_monsterinsights_sitenote_note":"","_monsterinsights_sitenote_category":0,"footnotes":""},"categories":[42,41,40],"tags":[649,47,672,46,154,44,671],"_links":{"self":[{"href":"http:\/\/www.goldstadt-tv.de\/index.php\/wp-json\/wp\/v2\/posts\/691"}],"collection":[{"href":"http:\/\/www.goldstadt-tv.de\/index.php\/wp-json\/wp\/v2\/posts"}],"about":[{"href":"http:\/\/www.goldstadt-tv.de\/index.php\/wp-json\/wp\/v2\/types\/post"}],"author":[{"embeddable":true,"href":"http:\/\/www.goldstadt-tv.de\/index.php\/wp-json\/wp\/v2\/users\/1"}],"replies":[{"embeddable":true,"href":"http:\/\/www.goldstadt-tv.de\/index.php\/wp-json\/wp\/v2\/comments?post=691"}],"version-history":[{"count":0,"href":"http:\/\/www.goldstadt-tv.de\/index.php\/wp-json\/wp\/v2\/posts\/691\/revisions"}],"wp:featuredmedia":[{"embeddable":true,"href":"http:\/\/www.goldstadt-tv.de\/index.php\/wp-json\/wp\/v2\/media\/692"}],"wp:attachment":[{"href":"http:\/\/www.goldstadt-tv.de\/index.php\/wp-json\/wp\/v2\/media?parent=691"}],"wp:term":[{"taxonomy":"category","embeddable":true,"href":"http:\/\/www.goldstadt-tv.de\/index.php\/wp-json\/wp\/v2\/categories?post=691"},{"taxonomy":"post_tag","embeddable":true,"href":"http:\/\/www.goldstadt-tv.de\/index.php\/wp-json\/wp\/v2\/tags?post=691"}],"curies":[{"name":"wp","href":"https:\/\/api.w.org\/{rel}","templated":true}]}}