{"id":688,"date":"2016-11-27T00:00:54","date_gmt":"2016-11-27T00:00:54","guid":{"rendered":"http:\/\/www.goldstadt-tv.de\/?p=688"},"modified":"2016-11-27T00:00:54","modified_gmt":"2016-11-27T00:00:54","slug":"oetisheim-jeep-beginnt-nach-schweissarbeiten-zu-brennen-werkstattbrand-mit-60-000e-schaden","status":"publish","type":"post","link":"http:\/\/www.goldstadt-tv.de\/index.php\/2016\/11\/27\/oetisheim-jeep-beginnt-nach-schweissarbeiten-zu-brennen-werkstattbrand-mit-60-000e-schaden\/","title":{"rendered":"\u00d6tisheim: Jeep beginnt nach Schwei\u00dfarbeiten zu brennen &#8211; Werkstattbrand mit 60.000\u20ac Schaden"},"content":{"rendered":"<p>Die Schwei\u00dfarbeiten eines 53-j\u00e4hrigen f\u00fchrten am Samstag um 13.34 Uhr zu einem #Brand in der Schlattstra\u00dfe in \u00d6tisheim.<\/p>\n<p>Der Mann war in seiner Werkstatt mit Reparaturarbeiten an seinem Gel\u00e4ndewagen besch\u00e4ftigt. Durch den Einsatz eines Schwei\u00dfger\u00e4tes kam es am Unterboden des Fahrzeugs zu einem Brand, der sich rasch auf den gesamten Wagen ausbreitete und ihn vollst\u00e4ndig zerst\u00f6rte.<\/p>\n<p>Der 53-j\u00e4hrige, der sich zum Zeitpunkt des Brandausbruchs allein in der Werkstatt aufhielt, konnte das Geb\u00e4ude unverletzt verlassen und die Rettungskr\u00e4fte verst\u00e4ndigen. Das Feuer griff auch auf Teile der Werkstatt \u00fcber. Die Feuerwehr konnte den Brand schnell l\u00f6schen. Eine Gefahr f\u00fcr andere Geb\u00e4ude bestand nicht. Der Sachschaden wird auf mindestens 60.000 Euro gesch\u00e4tzt.<\/p>\n<p>Danke f\u00fcr die Info per WhatsApp!<\/p>\n<p><strong>Meldet Br\u00e4nde anonym rund um die Uhr per Telefon, SMS oder WhatsApp an 0176\/459 179 02!<\/strong><\/p>\n<p><a data-flickr-embed=\"true\" data-footer=\"true\"  href=\"https:\/\/www.flickr.com\/photos\/goldstadttv\/albums\/72157675457118092\" title=\"\u00d6tisheim - Werkstattbrand - 26.11.2016\"><img loading=\"lazy\" decoding=\"async\" src=\"https:\/\/c7.staticflickr.com\/6\/5583\/31117657222_22a27537a7_b.jpg\" width=\"1024\" height=\"683\" alt=\"\u00d6tisheim - Werkstattbrand - 26.11.2016\"><\/a><script async src=\"\/\/embedr.flickr.com\/assets\/client-code.js\" charset=\"utf-8\"><\/script><\/p>\n","protected":false},"excerpt":{"rendered":"<p>Die Schwei\u00dfarbeiten eines 53-j\u00e4hrigen f\u00fchrten am Samstag um 13.34 Uhr zu einem #Brand in der Schlattstra\u00dfe in \u00d6tisheim. Der Mann<\/p>\n","protected":false},"author":1,"featured_media":689,"comment_status":"open","ping_status":"open","sticky":false,"template":"","format":"standard","meta":{"_monsterinsights_skip_tracking":false,"_monsterinsights_sitenote_active":false,"_monsterinsights_sitenote_note":"","_monsterinsights_sitenote_category":0,"footnotes":""},"categories":[42,41,217,43],"tags":[670,47,381,567,667,668,669,666],"_links":{"self":[{"href":"http:\/\/www.goldstadt-tv.de\/index.php\/wp-json\/wp\/v2\/posts\/688"}],"collection":[{"href":"http:\/\/www.goldstadt-tv.de\/index.php\/wp-json\/wp\/v2\/posts"}],"about":[{"href":"http:\/\/www.goldstadt-tv.de\/index.php\/wp-json\/wp\/v2\/types\/post"}],"author":[{"embeddable":true,"href":"http:\/\/www.goldstadt-tv.de\/index.php\/wp-json\/wp\/v2\/users\/1"}],"replies":[{"embeddable":true,"href":"http:\/\/www.goldstadt-tv.de\/index.php\/wp-json\/wp\/v2\/comments?post=688"}],"version-history":[{"count":0,"href":"http:\/\/www.goldstadt-tv.de\/index.php\/wp-json\/wp\/v2\/posts\/688\/revisions"}],"wp:featuredmedia":[{"embeddable":true,"href":"http:\/\/www.goldstadt-tv.de\/index.php\/wp-json\/wp\/v2\/media\/689"}],"wp:attachment":[{"href":"http:\/\/www.goldstadt-tv.de\/index.php\/wp-json\/wp\/v2\/media?parent=688"}],"wp:term":[{"taxonomy":"category","embeddable":true,"href":"http:\/\/www.goldstadt-tv.de\/index.php\/wp-json\/wp\/v2\/categories?post=688"},{"taxonomy":"post_tag","embeddable":true,"href":"http:\/\/www.goldstadt-tv.de\/index.php\/wp-json\/wp\/v2\/tags?post=688"}],"curies":[{"name":"wp","href":"https:\/\/api.w.org\/{rel}","templated":true}]}}