{"id":679,"date":"2016-11-18T23:23:47","date_gmt":"2016-11-18T23:23:47","guid":{"rendered":"http:\/\/www.goldstadt-tv.de\/?p=679"},"modified":"2016-11-18T23:23:47","modified_gmt":"2016-11-18T23:23:47","slug":"b10-bei-pforzheim-ost-gegen-ampel-und-stromkasten-gefahren-18-11-2016","status":"publish","type":"post","link":"http:\/\/www.goldstadt-tv.de\/index.php\/2016\/11\/18\/b10-bei-pforzheim-ost-gegen-ampel-und-stromkasten-gefahren-18-11-2016\/","title":{"rendered":"B10 bei Pforzheim-Ost &#8211; gegen Ampel und Stromkasten gefahren &#8211; 18.11.2016"},"content":{"rendered":"<p>Zu einem schweren Verkehrsunfall mit einer besch\u00e4digten Ampel kam es heute Abend gegen 20:15 Uhr auf der B10 zwischen Pforzheim und Niefern bei der Kreuzung mit der Anschlusstelle Pforzheim-Ost. Wie eine Augenzeugin berichtete, befuhr eine \u00e4ltere Dame die Stra\u00dfe mit ihrem Fahrzeug aus Richtung Pforzheim in Richtung Niefern, als sie vor der Kreuzung mit der AS PF-Ost aus noch ungekl\u00e4rter Ursache nach rechts von der Fahrbahn abkam, dabei komplett den schweren Ampelmast umfuhr, dieser fiel komplett auf die Stra\u00dfe, verlor dabei einen Reifenmantel, kam dabei \u00fcber die ganze Stra\u00dfe nach links von der Fahrbahn ab und prallte zuletzt im Gr\u00fcnstreifen vor der Autobahnbr\u00fccke gegen einen Stromverteilerkasten, wobei dieser v\u00f6llig zerst\u00f6rt wurde.<\/p>\n<p>Gl\u00fcck im Ungl\u00fcck &#8211; f\u00fcr schnelle Hilfe war gesorgt &#8211; der Unfall passierte vor Augen der Besatzung der Mitglieder der Freiwilligen Feuerwehr Buckenberg, welche mit ihrem Einsatzfahrzeug unterwegs waren. Sie leisteten sofort die erste Hilfe. <\/p>\n<p>Der an die Einsatzstelle gerufene Rettungsdienst nahm die Dame mit Hals-Wirbel-S\u00e4ulen-Verletzungen ins Krankenhaus, ihr Auto begann nach dem Unfall zu rauchen, sodass es von der Feuerwehr abgek\u00fchlt worden ist. Mitarbeiter der Stadtwerke begutachteten die Sch\u00e4den an der Ampel und dem Verteilerkasten, danach r\u00e4umte die Feuerwehr mit geballten Kr\u00e4ften die schwere Ampel zur Seite und reinigte die Fahrbahn.<\/p>\n<p>Durch den Unfall, auf der Stra\u00dfe liegende Ampel sowie die Rettungsfahrzeuge war in beide Richtungen jeweils eine Spur gesperrt, der Verkehr konnte einspurig an der Unfallstelle vorbei.<\/p>\n<p>Vielen Dank f\u00fcr die Info \u00fcber den Unfall \u00fcber Telefon und WhatsApp!<\/p>\n<p><strong>Meldet Unf\u00e4lle anonym rund um die Uhr per Anruf, SMS oder WhatsApp an 0176\/ 459 179 02!<\/strong><\/p>\n","protected":false},"excerpt":{"rendered":"<p>Zu einem schweren Verkehrsunfall mit einer besch\u00e4digten Ampel kam es heute Abend gegen 20:15 Uhr auf der B10 zwischen Pforzheim<\/p>\n","protected":false},"author":1,"featured_media":680,"comment_status":"open","ping_status":"open","sticky":false,"template":"","format":"standard","meta":{"_monsterinsights_skip_tracking":false,"_monsterinsights_sitenote_active":false,"_monsterinsights_sitenote_note":"","_monsterinsights_sitenote_category":0,"footnotes":""},"categories":[42,217,40,88],"tags":[660,188,229,419,46,93,170,50,596,83,659],"_links":{"self":[{"href":"http:\/\/www.goldstadt-tv.de\/index.php\/wp-json\/wp\/v2\/posts\/679"}],"collection":[{"href":"http:\/\/www.goldstadt-tv.de\/index.php\/wp-json\/wp\/v2\/posts"}],"about":[{"href":"http:\/\/www.goldstadt-tv.de\/index.php\/wp-json\/wp\/v2\/types\/post"}],"author":[{"embeddable":true,"href":"http:\/\/www.goldstadt-tv.de\/index.php\/wp-json\/wp\/v2\/users\/1"}],"replies":[{"embeddable":true,"href":"http:\/\/www.goldstadt-tv.de\/index.php\/wp-json\/wp\/v2\/comments?post=679"}],"version-history":[{"count":0,"href":"http:\/\/www.goldstadt-tv.de\/index.php\/wp-json\/wp\/v2\/posts\/679\/revisions"}],"wp:featuredmedia":[{"embeddable":true,"href":"http:\/\/www.goldstadt-tv.de\/index.php\/wp-json\/wp\/v2\/media\/680"}],"wp:attachment":[{"href":"http:\/\/www.goldstadt-tv.de\/index.php\/wp-json\/wp\/v2\/media?parent=679"}],"wp:term":[{"taxonomy":"category","embeddable":true,"href":"http:\/\/www.goldstadt-tv.de\/index.php\/wp-json\/wp\/v2\/categories?post=679"},{"taxonomy":"post_tag","embeddable":true,"href":"http:\/\/www.goldstadt-tv.de\/index.php\/wp-json\/wp\/v2\/tags?post=679"}],"curies":[{"name":"wp","href":"https:\/\/api.w.org\/{rel}","templated":true}]}}