{"id":668,"date":"2016-11-07T20:04:34","date_gmt":"2016-11-07T20:04:34","guid":{"rendered":"http:\/\/www.goldstadt-tv.de\/?p=668"},"modified":"2016-11-07T20:04:34","modified_gmt":"2016-11-07T20:04:34","slug":"koenigsbach-stein-internistischer-notfall-am-steuer-84-jaehriger-muss-mit-rettungshubschrauber-in-die-klinik-geflogen-werden-07-11-2016","status":"publish","type":"post","link":"http:\/\/www.goldstadt-tv.de\/index.php\/2016\/11\/07\/koenigsbach-stein-internistischer-notfall-am-steuer-84-jaehriger-muss-mit-rettungshubschrauber-in-die-klinik-geflogen-werden-07-11-2016\/","title":{"rendered":"K\u00f6nigsbach-Stein: Internistischer Notfall am Steuer &#8211; 84-j\u00e4hriger muss mit Rettungshubschrauber in die Klinik geflogen werden &#8211; 07.11.2016"},"content":{"rendered":"<p>Schwere Verletzungen hat ein 81 Jahre alter Autofahrer am Montagmorgen bei einem Unfall auf der Kreisstra\u00dfe 4533 bei K\u00f6nigsbach-Stein erlitten.<\/p>\n<p>Nach den Feststellungen des Verkehrskommissariats Pforzheim war der Mann gegen 09.30 Uhr mit seinem Pkw von W\u00f6ssingen her kommend in Richtung K\u00f6nigsbach-Stein unterwegs gewesen, als er auf einem gerade verlaufenden Gef\u00e4llst\u00fcck vermutlich infolge eines internistischen Notfalls nach rechts von der Fahrbahn abkam und gegen einen Baum prallte.<\/p>\n<p>Der an Wirbels\u00e4ule und Becken verletzte Rentner wurde vorsorglich von der Feuerwehr K\u00f6nigsbach-Stein aus seinem Fahrzeug geborgen und nach erster not\u00e4rztlicher Versorgung per Rettungshubschrauber in eine Ludwigsburger Klinik geflogen. Sein Pkw, an dem ein Schaden von rund 5.000 Euro entstand, wurde abgeschleppt.<br \/>\n<strong><br \/>\nMeldet Unf\u00e4lle anonym rund um die Uhr per Telefon, SMS oder WhatsApp an 0176\/ 459 179 02!<\/strong><\/p>\n<p><a data-flickr-embed=\"true\" data-footer=\"true\"  href=\"https:\/\/www.flickr.com\/photos\/goldstadttv\/albums\/72157674814980551\" title=\"K\u00f6nigsbach-Stein: Internistischer Notfall am Steuer - 84-j\u00e4hriger muss mit Rettungshubschrauber in die Klinikl geflogen werden - 07.11.2016\"><img loading=\"lazy\" decoding=\"async\" src=\"https:\/\/c5.staticflickr.com\/6\/5697\/30728546572_187d456efb_b.jpg\" width=\"768\" height=\"1024\" alt=\"K\u00f6nigsbach-Stein: Internistischer Notfall am Steuer - 84-j\u00e4hriger muss mit Rettungshubschrauber in die Klinikl geflogen werden - 07.11.2016\"><\/a><script async src=\"\/\/embedr.flickr.com\/assets\/client-code.js\" charset=\"utf-8\"><\/script><\/p>\n","protected":false},"excerpt":{"rendered":"<p>Schwere Verletzungen hat ein 81 Jahre alter Autofahrer am Montagmorgen bei einem Unfall auf der Kreisstra\u00dfe 4533 bei K\u00f6nigsbach-Stein erlitten.<\/p>\n","protected":false},"author":1,"featured_media":669,"comment_status":"open","ping_status":"open","sticky":false,"template":"","format":"standard","meta":{"_monsterinsights_skip_tracking":false,"_monsterinsights_sitenote_active":false,"_monsterinsights_sitenote_note":"","_monsterinsights_sitenote_category":0,"footnotes":""},"categories":[42,217,302,88],"tags":[650,89,651,304,83,140],"_links":{"self":[{"href":"http:\/\/www.goldstadt-tv.de\/index.php\/wp-json\/wp\/v2\/posts\/668"}],"collection":[{"href":"http:\/\/www.goldstadt-tv.de\/index.php\/wp-json\/wp\/v2\/posts"}],"about":[{"href":"http:\/\/www.goldstadt-tv.de\/index.php\/wp-json\/wp\/v2\/types\/post"}],"author":[{"embeddable":true,"href":"http:\/\/www.goldstadt-tv.de\/index.php\/wp-json\/wp\/v2\/users\/1"}],"replies":[{"embeddable":true,"href":"http:\/\/www.goldstadt-tv.de\/index.php\/wp-json\/wp\/v2\/comments?post=668"}],"version-history":[{"count":0,"href":"http:\/\/www.goldstadt-tv.de\/index.php\/wp-json\/wp\/v2\/posts\/668\/revisions"}],"wp:featuredmedia":[{"embeddable":true,"href":"http:\/\/www.goldstadt-tv.de\/index.php\/wp-json\/wp\/v2\/media\/669"}],"wp:attachment":[{"href":"http:\/\/www.goldstadt-tv.de\/index.php\/wp-json\/wp\/v2\/media?parent=668"}],"wp:term":[{"taxonomy":"category","embeddable":true,"href":"http:\/\/www.goldstadt-tv.de\/index.php\/wp-json\/wp\/v2\/categories?post=668"},{"taxonomy":"post_tag","embeddable":true,"href":"http:\/\/www.goldstadt-tv.de\/index.php\/wp-json\/wp\/v2\/tags?post=668"}],"curies":[{"name":"wp","href":"https:\/\/api.w.org\/{rel}","templated":true}]}}