{"id":655,"date":"2016-11-06T20:53:21","date_gmt":"2016-11-06T20:53:21","guid":{"rendered":"http:\/\/www.goldstadt-tv.de\/?p=655"},"modified":"2016-11-06T21:46:59","modified_gmt":"2016-11-06T21:46:59","slug":"niefern-5-verletzte-nach-frontalzusammenstoss-06-11-2016","status":"publish","type":"post","link":"http:\/\/www.goldstadt-tv.de\/index.php\/2016\/11\/06\/niefern-5-verletzte-nach-frontalzusammenstoss-06-11-2016\/","title":{"rendered":"Niefern: 7 Verletzte nach Frontalzusammensto\u00df &#8211; 06.11.2016"},"content":{"rendered":"<p>Sieben Verletzte und zwei Totalsch\u00e4den sind die Bilanz eines Verkehrsunfalls, der sich am Sonntagabend um 18.43 Uhr auf der Gemeindeverbindungsstra\u00dfe zwischen Kieselbronn und Niefern-Vorort auf Pforzheimer Gemarkung ereignet hat. <\/p>\n<p>Zur Unfallzeit war eine 49-j\u00e4hrige Frau mit ihrem Renault Twingo von Kieselbronn in Richtung Niefern-Vorort unterwegs. In einer Rechtskurve, kurz vor Niefern-Vorort, kam es zu einem frontalen Zusammensto\u00df mit einem entgegenkommenden Pkw Toyota, an dessen Steuer eine 38-j\u00e4hrige Frau sa\u00df. Nach den bisherigen Feststellung der Verkehrspolizei fuhr die 49-j\u00e4hrige zu weit links. Die 49-j\u00e4hrige, ihre 16-j\u00e4hrige Beifahrerin und eine 19-j\u00e4hrige Frau, die auf dem R\u00fccksitz sa\u00df, wurden schwer verletzt. Die Fahrerin war in ihrem demolierten Fahrzeug eingeschlossen und musste durch die Feuerwehr befreit werden. <\/p>\n<p>Im Toyota sa\u00df eine vierk\u00f6pfige Familie. Die Fahrerin wurde ebenfalls schwer verletzt. Ihr 43-j\u00e4hriger Ehemann und die beiden 12 und 14 Jahre alten Kinder wurden leicht verletzt. Bei keiner der<br \/>\nSchwerverletzten besteht Lebensgefahr. Der Sachschaden wird auf rund 10.000 Euro gesch\u00e4tzt. Die Gemeindeverbindungsstra\u00dfe war bis 20.45 Uhr voll gesperrt. Zur Hilfeleistung waren die Freiwillige Feuerwehr Niefern mit 3 Fahrzeugen und 17 Mann und vom Rettungsdienst 2 Notarztfahrzeuge, 3 Rettungswagen sowie DRK-Ersthelfer aus Niefern und Kieselbronn mit einem Einsatzleiter eingesetzt.<\/p>\n<p>Vielen Dank f\u00fcr die Info \u00fcber den Unfall per WhatsApp!<br \/>\n<strong><br \/>\nMeldet Unf\u00e4lle anonym rund um die Uhr per Telefon, SMS oder WhatsApp an 0176\/ 459 179 02!<\/strong><\/p>\n<p><a data-flickr-embed=\"true\" data-footer=\"true\"  href=\"https:\/\/www.flickr.com\/photos\/goldstadttv\/albums\/72157675051568470\" title=\"Niefern: 5 Verletzte nach Frontalzusammensto\u00df - 06.11.2016\"><img loading=\"lazy\" decoding=\"async\" src=\"https:\/\/c5.staticflickr.com\/6\/5802\/30522013420_ed35ea9d3c_b.jpg\" width=\"1024\" height=\"683\" alt=\"Niefern: 5 Verletzte nach Frontalzusammensto\u00df - 06.11.2016\"><\/a><script async src=\"\/\/embedr.flickr.com\/assets\/client-code.js\" charset=\"utf-8\"><\/script><\/p>\n","protected":false},"excerpt":{"rendered":"<p>Sieben Verletzte und zwei Totalsch\u00e4den sind die Bilanz eines Verkehrsunfalls, der sich am Sonntagabend um 18.43 Uhr auf der Gemeindeverbindungsstra\u00dfe<\/p>\n","protected":false},"author":1,"featured_media":656,"comment_status":"open","ping_status":"open","sticky":false,"template":"","format":"standard","meta":{"_monsterinsights_skip_tracking":false,"_monsterinsights_sitenote_active":false,"_monsterinsights_sitenote_note":"","_monsterinsights_sitenote_category":0,"footnotes":""},"categories":[42,217,43,352,88],"tags":[641,640,303,159,83,173,140],"_links":{"self":[{"href":"http:\/\/www.goldstadt-tv.de\/index.php\/wp-json\/wp\/v2\/posts\/655"}],"collection":[{"href":"http:\/\/www.goldstadt-tv.de\/index.php\/wp-json\/wp\/v2\/posts"}],"about":[{"href":"http:\/\/www.goldstadt-tv.de\/index.php\/wp-json\/wp\/v2\/types\/post"}],"author":[{"embeddable":true,"href":"http:\/\/www.goldstadt-tv.de\/index.php\/wp-json\/wp\/v2\/users\/1"}],"replies":[{"embeddable":true,"href":"http:\/\/www.goldstadt-tv.de\/index.php\/wp-json\/wp\/v2\/comments?post=655"}],"version-history":[{"count":0,"href":"http:\/\/www.goldstadt-tv.de\/index.php\/wp-json\/wp\/v2\/posts\/655\/revisions"}],"wp:featuredmedia":[{"embeddable":true,"href":"http:\/\/www.goldstadt-tv.de\/index.php\/wp-json\/wp\/v2\/media\/656"}],"wp:attachment":[{"href":"http:\/\/www.goldstadt-tv.de\/index.php\/wp-json\/wp\/v2\/media?parent=655"}],"wp:term":[{"taxonomy":"category","embeddable":true,"href":"http:\/\/www.goldstadt-tv.de\/index.php\/wp-json\/wp\/v2\/categories?post=655"},{"taxonomy":"post_tag","embeddable":true,"href":"http:\/\/www.goldstadt-tv.de\/index.php\/wp-json\/wp\/v2\/tags?post=655"}],"curies":[{"name":"wp","href":"https:\/\/api.w.org\/{rel}","templated":true}]}}