{"id":629,"date":"2016-10-18T18:55:32","date_gmt":"2016-10-18T18:55:32","guid":{"rendered":"http:\/\/www.goldstadt-tv.de\/?p=629"},"modified":"2016-10-18T18:55:32","modified_gmt":"2016-10-18T18:55:32","slug":"pforzheim-frontalzusammenstoss-mit-elektrofahrzeug-18-10-2016","status":"publish","type":"post","link":"http:\/\/www.goldstadt-tv.de\/index.php\/2016\/10\/18\/pforzheim-frontalzusammenstoss-mit-elektrofahrzeug-18-10-2016\/","title":{"rendered":"Pforzheim: Frontalzusammensto\u00df mit Elektrofahrzeug &#8211; 18.10.2016"},"content":{"rendered":"<p>Auf der Dietlinger Stra\u00dfe (Landstra\u00dfe 562) kam es heute zu einem Verkehrsunfall mit zwei Verletzten. Gegen 13.35 Uhr befuhr ein 20-j\u00e4hriger Mini-Lenker die Dietlinger Stra\u00dfe aus Richtung Keltern. Am Ende einer Rechtskurve kam er aufgrund nasser Fahrbahn und vermutlich abgefahrenen Reifen in den Gegenverkehr.<\/p>\n<p>Dort prallte er frontal gegen ein entgegenkommendes Elektroauto. Die 46-j\u00e4hrige Fahrerin des Elektroautos und der Unfallverursacher selbst wurden bei dem Unfall so verletzt, dass sie<br \/>\nin Krankenh\u00e4user eingeliefert werden mussten. Zur Unterst\u00fctzung waren mehrere Rettungskr\u00e4fte sowie die Berufsfeuerwehr Pforzheim vor Ort.<\/p>\n<p>Die Strecke musste zwischen der Schelmen\u00e4ckerstra\u00dfe in Pforzheim und der Bundesstra\u00dfe 463 bis gegen 15.30 Uhr voll gesperrt werden. Insgesamt beziffert sich der Sachschaden auf mehrere tausend Euro.<br \/>\n<strong><br \/>\nMeldet Unf\u00e4lle anonym rund um die Uhr per Telefon, SMS oder WhatsApp an 0176\/ 459 179 02!<\/strong><\/p>\n<p><a data-flickr-embed=\"true\" data-footer=\"true\"  href=\"https:\/\/www.flickr.com\/photos\/goldstadttv\/albums\/72157674050508981\" title=\"Pforzheim: Frontalzusammensto\u00df mit Elektrofahrzeug - 18.10.2016\"><img loading=\"lazy\" decoding=\"async\" src=\"https:\/\/c8.staticflickr.com\/6\/5459\/30326272031_5e0464d3b4_b.jpg\" width=\"1024\" height=\"683\" alt=\"Pforzheim: Frontalzusammensto\u00df mit Elektrofahrzeug - 18.10.2016\"><\/a><script async src=\"\/\/embedr.flickr.com\/assets\/client-code.js\" charset=\"utf-8\"><\/script><\/p>\n","protected":false},"excerpt":{"rendered":"<p>Auf der Dietlinger Stra\u00dfe (Landstra\u00dfe 562) kam es heute zu einem Verkehrsunfall mit zwei Verletzten. Gegen 13.35 Uhr befuhr ein<\/p>\n","protected":false},"author":1,"featured_media":630,"comment_status":"open","ping_status":"open","sticky":false,"template":"","format":"standard","meta":{"_monsterinsights_skip_tracking":false,"_monsterinsights_sitenote_active":false,"_monsterinsights_sitenote_note":"","_monsterinsights_sitenote_category":0,"footnotes":""},"categories":[42,40,88],"tags":[608,609,610,46,303,44,83],"_links":{"self":[{"href":"http:\/\/www.goldstadt-tv.de\/index.php\/wp-json\/wp\/v2\/posts\/629"}],"collection":[{"href":"http:\/\/www.goldstadt-tv.de\/index.php\/wp-json\/wp\/v2\/posts"}],"about":[{"href":"http:\/\/www.goldstadt-tv.de\/index.php\/wp-json\/wp\/v2\/types\/post"}],"author":[{"embeddable":true,"href":"http:\/\/www.goldstadt-tv.de\/index.php\/wp-json\/wp\/v2\/users\/1"}],"replies":[{"embeddable":true,"href":"http:\/\/www.goldstadt-tv.de\/index.php\/wp-json\/wp\/v2\/comments?post=629"}],"version-history":[{"count":0,"href":"http:\/\/www.goldstadt-tv.de\/index.php\/wp-json\/wp\/v2\/posts\/629\/revisions"}],"wp:featuredmedia":[{"embeddable":true,"href":"http:\/\/www.goldstadt-tv.de\/index.php\/wp-json\/wp\/v2\/media\/630"}],"wp:attachment":[{"href":"http:\/\/www.goldstadt-tv.de\/index.php\/wp-json\/wp\/v2\/media?parent=629"}],"wp:term":[{"taxonomy":"category","embeddable":true,"href":"http:\/\/www.goldstadt-tv.de\/index.php\/wp-json\/wp\/v2\/categories?post=629"},{"taxonomy":"post_tag","embeddable":true,"href":"http:\/\/www.goldstadt-tv.de\/index.php\/wp-json\/wp\/v2\/tags?post=629"}],"curies":[{"name":"wp","href":"https:\/\/api.w.org\/{rel}","templated":true}]}}