{"id":621,"date":"2016-10-17T17:12:58","date_gmt":"2016-10-17T17:12:58","guid":{"rendered":"http:\/\/www.goldstadt-tv.de\/?p=621"},"modified":"2016-10-17T17:12:58","modified_gmt":"2016-10-17T17:12:58","slug":"ispringen-vermutlich-defekt-am-fahrzeug-pkw-faehrt-gegen-die-wand-70-000-e-sachschaden-17-10-2016","status":"publish","type":"post","link":"http:\/\/www.goldstadt-tv.de\/index.php\/2016\/10\/17\/ispringen-vermutlich-defekt-am-fahrzeug-pkw-faehrt-gegen-die-wand-70-000-e-sachschaden-17-10-2016\/","title":{"rendered":"Ispringen: Vermutlich Defekt am Fahrzeug &#8211; PKW f\u00e4hrt gegen die Wand &#8211; 70.000 \u20ac Sachschaden &#8211; 17.10.2016"},"content":{"rendered":"<p>Wom\u00f6glich ein technischer Defekt an seinem Fahrzeug war die Ursache f\u00fcr einen Unfall mit ca. 70.000 \u20ac Sachschaden in der Gartenstra\u00dfe in Ispringen bei Pforzheim.<\/p>\n<p>Der Fahrzeugf\u00fchrer war dabei, mit seinem Auto aus seiner Garage rauszufahren, da schoss das Auto mit Vollgas r\u00fcckw\u00e4rts gegen ein Haus, wobei die Hausfassade stark besch\u00e4digt wurde. Unmittelbar danach schoss der Huindai vorw\u00e4rts zuerst zur\u00fcck in die Garage, durchbrach anschlie\u00dfend die Garagenwand und blieb zur H\u00e4lfte in dem entstandenen Loch in der Wand stecken. Der Fahrer des PKW wurde zum Gl\u00fcck nur leicht verletzt, er konnte an der Einsatzstelle verbleiben.<\/p>\n<p>Da der Fahrer angibt, aufgrund einem pl\u00f6tzlichem technischen Mangel an seinem Fahrzeug den Unfall verursacht zu haben, stellte die Polizei das Auto sicher. Ein Statiker wurde zur Einsatzstelle bestellt, um die Standsicherheit der Geb\u00e4ude vorsorglich zu \u00fcberpr\u00fcfen. Die Gartenstra\u00dfe war aufgrund des Unfalls in beiden Richtungen gesperrt<\/p>\n<p>Meldet Unf\u00e4lle anonym rund um die Uhr per Anruf, SMS oder WhatsApp an 0176\/ 459 179 02!<\/p>\n<p><a data-flickr-embed=\"true\" data-footer=\"true\"  href=\"https:\/\/www.flickr.com\/photos\/goldstadttv\/albums\/72157671824276203\" title=\"Ispringen: VU nach verm. technischem Defekt - 17.10.2016\"><img loading=\"lazy\" decoding=\"async\" src=\"https:\/\/c4.staticflickr.com\/9\/8635\/29757154803_b2b775187b_b.jpg\" width=\"1024\" height=\"683\" alt=\"Ispringen: VU nach verm. technischem Defekt - 17.10.2016\"><\/a><script async src=\"\/\/embedr.flickr.com\/assets\/client-code.js\" charset=\"utf-8\"><\/script><\/p>\n","protected":false},"excerpt":{"rendered":"<p>Wom\u00f6glich ein technischer Defekt an seinem Fahrzeug war die Ursache f\u00fcr einen Unfall mit ca. 70.000 \u20ac Sachschaden in der<\/p>\n","protected":false},"author":1,"featured_media":622,"comment_status":"open","ping_status":"open","sticky":false,"template":"","format":"standard","meta":{"_monsterinsights_skip_tracking":false,"_monsterinsights_sitenote_active":false,"_monsterinsights_sitenote_note":"","_monsterinsights_sitenote_category":0,"footnotes":""},"categories":[42,217,600,488,88],"tags":[604,605,601,602,83,140,603],"_links":{"self":[{"href":"http:\/\/www.goldstadt-tv.de\/index.php\/wp-json\/wp\/v2\/posts\/621"}],"collection":[{"href":"http:\/\/www.goldstadt-tv.de\/index.php\/wp-json\/wp\/v2\/posts"}],"about":[{"href":"http:\/\/www.goldstadt-tv.de\/index.php\/wp-json\/wp\/v2\/types\/post"}],"author":[{"embeddable":true,"href":"http:\/\/www.goldstadt-tv.de\/index.php\/wp-json\/wp\/v2\/users\/1"}],"replies":[{"embeddable":true,"href":"http:\/\/www.goldstadt-tv.de\/index.php\/wp-json\/wp\/v2\/comments?post=621"}],"version-history":[{"count":0,"href":"http:\/\/www.goldstadt-tv.de\/index.php\/wp-json\/wp\/v2\/posts\/621\/revisions"}],"wp:featuredmedia":[{"embeddable":true,"href":"http:\/\/www.goldstadt-tv.de\/index.php\/wp-json\/wp\/v2\/media\/622"}],"wp:attachment":[{"href":"http:\/\/www.goldstadt-tv.de\/index.php\/wp-json\/wp\/v2\/media?parent=621"}],"wp:term":[{"taxonomy":"category","embeddable":true,"href":"http:\/\/www.goldstadt-tv.de\/index.php\/wp-json\/wp\/v2\/categories?post=621"},{"taxonomy":"post_tag","embeddable":true,"href":"http:\/\/www.goldstadt-tv.de\/index.php\/wp-json\/wp\/v2\/tags?post=621"}],"curies":[{"name":"wp","href":"https:\/\/api.w.org\/{rel}","templated":true}]}}