{"id":582,"date":"2016-09-17T15:00:36","date_gmt":"2016-09-17T15:00:36","guid":{"rendered":"http:\/\/www.goldstadt-tv.de\/?p=582"},"modified":"2016-09-17T15:00:58","modified_gmt":"2016-09-17T15:00:58","slug":"582","status":"publish","type":"post","link":"http:\/\/www.goldstadt-tv.de\/index.php\/2016\/09\/17\/582\/","title":{"rendered":"zw. Stein und Walzbachtal &#8211; Opel \u00fcberschl\u00e4gt sich &#8211; 15.09.2016"},"content":{"rendered":"<p>Gl\u00fccklicherweise nur leichte Verletzungen hat ein 19 Jahre alter Pkw-Lenker am Donnerstagabend bei einem Unfall auf der Kreisstra\u00dfe 4533 bei K\u00f6nigsbach-Stein erlitten.<\/p>\n<p>Nach den Feststellungen des Verkehrsunfalldienstes war der junge Mann gegen 19.50 Uhr mit seinem Pkw in Richtung W\u00f6ssingen unterwegs gewesen, als er aus unbekannter Ursache zun\u00e4chst nach rechts von der Fahrbahn abkam. Beim Gegenlenken \u00fcbersteuerte er offenbar und verlor schlie\u00dflich die Kontrolle \u00fcber das Fahrzeug. Der Wagen schleuderte quer \u00fcber die Fahrbahn nach links, \u00fcberschlug sich an einem kleinen Hang und blieb schlie\u00dflich auf dem Dach liegen.<\/p>\n<p>Nach erster Versorgung durch einen Notarzt kam der 19-j\u00e4hrige mit einem Rettungswagen zur ambulanten Behandlung ins Brettener Krankenhaus. Sein \u00e4lterer Kleinwagen, an dem ein Schaden von rund 500<br \/>\nEuro entstand, wurde abgeschleppt.<br \/>\n<strong><br \/>\nMeldet Unf\u00e4lle anonym rund um die Uhr per Anruf, SMS oder WhatsApp an 0176\/ 459 179 02!<\/strong><\/p>\n<p><a data-flickr-embed=\"true\" data-footer=\"true\"  href=\"https:\/\/www.flickr.com\/photos\/goldstadttv\/albums\/72157672780472010\" title=\"zw. Stein und Walzbachtal - PKW \u00fcberschlagen - 15.09.2016\"><img loading=\"lazy\" decoding=\"async\" src=\"https:\/\/c3.staticflickr.com\/9\/8395\/29704860106_34b54e1c71_b.jpg\" width=\"1024\" height=\"683\" alt=\"zw. Stein und Walzbachtal - PKW \u00fcberschlagen - 15.09.2016\"><\/a><script async src=\"\/\/embedr.flickr.com\/assets\/client-code.js\" charset=\"utf-8\"><\/script><\/p>\n","protected":false},"excerpt":{"rendered":"<p>Gl\u00fccklicherweise nur leichte Verletzungen hat ein 19 Jahre alter Pkw-Lenker am Donnerstagabend bei einem Unfall auf der Kreisstra\u00dfe 4533 bei<\/p>\n","protected":false},"author":1,"featured_media":584,"comment_status":"open","ping_status":"open","sticky":false,"template":"","format":"standard","meta":{"_monsterinsights_skip_tracking":false,"_monsterinsights_sitenote_active":false,"_monsterinsights_sitenote_note":"","_monsterinsights_sitenote_category":0,"footnotes":""},"categories":[42,217,302,88],"tags":[564,355,470,83,565],"_links":{"self":[{"href":"http:\/\/www.goldstadt-tv.de\/index.php\/wp-json\/wp\/v2\/posts\/582"}],"collection":[{"href":"http:\/\/www.goldstadt-tv.de\/index.php\/wp-json\/wp\/v2\/posts"}],"about":[{"href":"http:\/\/www.goldstadt-tv.de\/index.php\/wp-json\/wp\/v2\/types\/post"}],"author":[{"embeddable":true,"href":"http:\/\/www.goldstadt-tv.de\/index.php\/wp-json\/wp\/v2\/users\/1"}],"replies":[{"embeddable":true,"href":"http:\/\/www.goldstadt-tv.de\/index.php\/wp-json\/wp\/v2\/comments?post=582"}],"version-history":[{"count":0,"href":"http:\/\/www.goldstadt-tv.de\/index.php\/wp-json\/wp\/v2\/posts\/582\/revisions"}],"wp:featuredmedia":[{"embeddable":true,"href":"http:\/\/www.goldstadt-tv.de\/index.php\/wp-json\/wp\/v2\/media\/584"}],"wp:attachment":[{"href":"http:\/\/www.goldstadt-tv.de\/index.php\/wp-json\/wp\/v2\/media?parent=582"}],"wp:term":[{"taxonomy":"category","embeddable":true,"href":"http:\/\/www.goldstadt-tv.de\/index.php\/wp-json\/wp\/v2\/categories?post=582"},{"taxonomy":"post_tag","embeddable":true,"href":"http:\/\/www.goldstadt-tv.de\/index.php\/wp-json\/wp\/v2\/tags?post=582"}],"curies":[{"name":"wp","href":"https:\/\/api.w.org\/{rel}","templated":true}]}}