{"id":579,"date":"2016-09-15T16:32:17","date_gmt":"2016-09-15T16:32:17","guid":{"rendered":"http:\/\/www.goldstadt-tv.de\/?p=579"},"modified":"2016-09-15T16:32:17","modified_gmt":"2016-09-15T16:32:17","slug":"pforzheim-vom-autofahrer-uebersehen-16-jaehriger-stirbt-nach-motorradunfall-an-der-calwer-strasse-15-09-2016","status":"publish","type":"post","link":"http:\/\/www.goldstadt-tv.de\/index.php\/2016\/09\/15\/pforzheim-vom-autofahrer-uebersehen-16-jaehriger-stirbt-nach-motorradunfall-an-der-calwer-strasse-15-09-2016\/","title":{"rendered":"Pforzheim: Vom Autofahrer \u00fcbersehen &#8211; 16-j\u00e4hriger stirbt nach Motorradunfall an der Calwer Stra\u00dfe &#8211; 15.09.2016"},"content":{"rendered":"<p>Bei einem Verkehrsunfall am Donnerstagmorgen um 6.45 Uhr ist ein 16-j\u00e4hriger Kleinkraftradfahrer lebensgef\u00e4hrlich verletzt worden.<br \/>\nEr war auf der Calwer Stra\u00dfe stadteinw\u00e4rts unterwegs, als kurz vor der Einm\u00fcndung zur Liebeneckstra\u00dfe ein 27-j\u00e4hriger Dacia-Fahrer vom rechten Fahrbahnrand auf die Stra\u00dfe fuhr und den herannahenden Zweiradfahrer \u00fcbersah. Dieser prallte frontal gegen die linke Fahrzeugseite des Dacia, st\u00fcrzte, prallte mit einem entgegenkommenden Mercedes zusammen und wurde wieder zur\u00fcck auf die<br \/>\nFahrbahn geschleudert.<\/p>\n<p>Der Teenager wurde von einem Rettungswagen in eine Pforzheimer Klinik gebracht und in der Folge mit einem Rettungshubschrauber in eine Ludwigsburger Klinik geflogen. Leider waren seine Verletzungen so stark, dass er in der ludwigsburger verstarb. Der Sachschaden wird auf rund 9.000 Euro gesch\u00e4tzt.<\/p>\n<p><a data-flickr-embed=\"true\" data-footer=\"true\"  href=\"https:\/\/www.flickr.com\/photos\/goldstadttv\/albums\/72157672761593772\" title=\"Pforzheim: 16-j\u00e4hriger verstirbt nach Motorradunfall - Calwer Str. - 15.09.2016\"><img loading=\"lazy\" decoding=\"async\" src=\"https:\/\/c5.staticflickr.com\/8\/7570\/29664718796_94f7d59ef8_b.jpg\" width=\"1024\" height=\"683\" alt=\"Pforzheim: 16-j\u00e4hriger verstirbt nach Motorradunfall - Calwer Str. - 15.09.2016\"><\/a><script async src=\"\/\/embedr.flickr.com\/assets\/client-code.js\" charset=\"utf-8\"><\/script><\/p>\n","protected":false},"excerpt":{"rendered":"<p>Bei einem Verkehrsunfall am Donnerstagmorgen um 6.45 Uhr ist ein 16-j\u00e4hriger Kleinkraftradfahrer lebensgef\u00e4hrlich verletzt worden. Er war auf der Calwer<\/p>\n","protected":false},"author":1,"featured_media":580,"comment_status":"open","ping_status":"open","sticky":false,"template":"","format":"standard","meta":{"_monsterinsights_skip_tracking":false,"_monsterinsights_sitenote_active":false,"_monsterinsights_sitenote_note":"","_monsterinsights_sitenote_category":0,"footnotes":""},"categories":[42,40,88],"tags":[564,561,562,560,563,406,375,83],"_links":{"self":[{"href":"http:\/\/www.goldstadt-tv.de\/index.php\/wp-json\/wp\/v2\/posts\/579"}],"collection":[{"href":"http:\/\/www.goldstadt-tv.de\/index.php\/wp-json\/wp\/v2\/posts"}],"about":[{"href":"http:\/\/www.goldstadt-tv.de\/index.php\/wp-json\/wp\/v2\/types\/post"}],"author":[{"embeddable":true,"href":"http:\/\/www.goldstadt-tv.de\/index.php\/wp-json\/wp\/v2\/users\/1"}],"replies":[{"embeddable":true,"href":"http:\/\/www.goldstadt-tv.de\/index.php\/wp-json\/wp\/v2\/comments?post=579"}],"version-history":[{"count":0,"href":"http:\/\/www.goldstadt-tv.de\/index.php\/wp-json\/wp\/v2\/posts\/579\/revisions"}],"wp:featuredmedia":[{"embeddable":true,"href":"http:\/\/www.goldstadt-tv.de\/index.php\/wp-json\/wp\/v2\/media\/580"}],"wp:attachment":[{"href":"http:\/\/www.goldstadt-tv.de\/index.php\/wp-json\/wp\/v2\/media?parent=579"}],"wp:term":[{"taxonomy":"category","embeddable":true,"href":"http:\/\/www.goldstadt-tv.de\/index.php\/wp-json\/wp\/v2\/categories?post=579"},{"taxonomy":"post_tag","embeddable":true,"href":"http:\/\/www.goldstadt-tv.de\/index.php\/wp-json\/wp\/v2\/tags?post=579"}],"curies":[{"name":"wp","href":"https:\/\/api.w.org\/{rel}","templated":true}]}}