{"id":568,"date":"2016-09-08T19:49:05","date_gmt":"2016-09-08T19:49:05","guid":{"rendered":"http:\/\/www.goldstadt-tv.de\/?p=568"},"modified":"2016-09-08T19:49:38","modified_gmt":"2016-09-08T19:49:38","slug":"pforzheim-motorradunfall-nach-gruenzeugflug-08-09-2016","status":"publish","type":"post","link":"http:\/\/www.goldstadt-tv.de\/index.php\/2016\/09\/08\/pforzheim-motorradunfall-nach-gruenzeugflug-08-09-2016\/","title":{"rendered":"Pforzheim: Motorradunfall nach Gr\u00fcnzeugflug &#8211; 08.09.2016"},"content":{"rendered":"<p>Fliegende Gr\u00fcnteile sind eventuell der Ausl\u00f6ser eines Verkehrsunfalls auf der B294 heute Abend kurz nach 17 Uhr.<\/p>\n<p>Ein Yamaha-Fahrer befuhr die #B294 aus Richtung Pforzheim in Richtung Bretten. Gleichzteitig fuhr nach den Angaben der Augenzeugen auf dem links von der Bundeststra\u00dfe verlaufenden Landwirtschaftsweg ein Traktor mit einem Anh\u00e4nger. Dieser war beladen mit landwirtschaftlichen Erzeugnissen.<\/p>\n<p>Wie die Augenzeugen berichteten, l\u00f6ste sich nach einem Windsto\u00df etwas vom Anh\u00e4nger und flog durch die Luft in Richtung der B294. Wom\u00f6glich traf es den Motorradfahrer im Gesichtsbereich, was ihn ablenkte und er nicht mehr das Vorderfahrzeug wahrgenommen hat und auf den Opel Meriva auffuhr. Der Zusammensto\u00df war so stark, dass der Zweiradfahrer sich wohl auf seiner Maschine halten konnte und zuerst auf den PKW geschleudert wurde und danach zu Boden fiel. Er wurde dabei so stark verletzt, dass ein Abtransport in ein Krankenhaus nicht vermeidbar war.<\/p>\n<p>Aufgrund des Verkehrsunfalls war die B294 zeitweise nur einspurig befahrbahr. Ein Verkehrsteilnehmer begann bereits vor dem Eintreffen der Polizei, den Verkehr zu regeln, dennoch entwickelte sich ein R\u00fcckstau.<\/p>\n<p>Die Insa\u00dfen des Opels, darunter zwei Kinder, wurden zum Gl\u00fcck nicht verletzt.<\/p>\n<p>Vielen Dank f\u00fcr die Meldung des Unfalls per WhatApp!<br \/>\n<strong>Meldet Unf\u00e4lle anonym rund um die Uhr per Telefon, SMS oder WhatsApp an 0176\/ 459 179 02!<\/strong><\/p>\n<p><a data-flickr-embed=\"true\" data-footer=\"true\"  href=\"https:\/\/www.flickr.com\/photos\/goldstadttv\/albums\/72157672532700161\" title=\"B294 zw. Pforzheim und Bretten - Motorradunfall nach Gr\u00fcnzeugflug - 08.09.2016\"><img loading=\"lazy\" decoding=\"async\" src=\"https:\/\/c5.staticflickr.com\/9\/8742\/28922682604_16d1009eb6_b.jpg\" width=\"1024\" height=\"683\" alt=\"B294 zw. Pforzheim und Bretten - Motorradunfall nach Gr\u00fcnzeugflug - 08.09.2016\"><\/a><script async src=\"\/\/embedr.flickr.com\/assets\/client-code.js\" charset=\"utf-8\"><\/script><\/p>\n","protected":false},"excerpt":{"rendered":"<p>Fliegende Gr\u00fcnteile sind eventuell der Ausl\u00f6ser eines Verkehrsunfalls auf der B294 heute Abend kurz nach 17 Uhr. Ein Yamaha-Fahrer befuhr<\/p>\n","protected":false},"author":1,"featured_media":570,"comment_status":"open","ping_status":"open","sticky":false,"template":"","format":"standard","meta":{"_monsterinsights_skip_tracking":false,"_monsterinsights_sitenote_active":false,"_monsterinsights_sitenote_note":"","_monsterinsights_sitenote_category":0,"footnotes":""},"categories":[42,217,488,40,88],"tags":[554,457,441,406,44,535,553],"_links":{"self":[{"href":"http:\/\/www.goldstadt-tv.de\/index.php\/wp-json\/wp\/v2\/posts\/568"}],"collection":[{"href":"http:\/\/www.goldstadt-tv.de\/index.php\/wp-json\/wp\/v2\/posts"}],"about":[{"href":"http:\/\/www.goldstadt-tv.de\/index.php\/wp-json\/wp\/v2\/types\/post"}],"author":[{"embeddable":true,"href":"http:\/\/www.goldstadt-tv.de\/index.php\/wp-json\/wp\/v2\/users\/1"}],"replies":[{"embeddable":true,"href":"http:\/\/www.goldstadt-tv.de\/index.php\/wp-json\/wp\/v2\/comments?post=568"}],"version-history":[{"count":0,"href":"http:\/\/www.goldstadt-tv.de\/index.php\/wp-json\/wp\/v2\/posts\/568\/revisions"}],"wp:featuredmedia":[{"embeddable":true,"href":"http:\/\/www.goldstadt-tv.de\/index.php\/wp-json\/wp\/v2\/media\/570"}],"wp:attachment":[{"href":"http:\/\/www.goldstadt-tv.de\/index.php\/wp-json\/wp\/v2\/media?parent=568"}],"wp:term":[{"taxonomy":"category","embeddable":true,"href":"http:\/\/www.goldstadt-tv.de\/index.php\/wp-json\/wp\/v2\/categories?post=568"},{"taxonomy":"post_tag","embeddable":true,"href":"http:\/\/www.goldstadt-tv.de\/index.php\/wp-json\/wp\/v2\/tags?post=568"}],"curies":[{"name":"wp","href":"https:\/\/api.w.org\/{rel}","templated":true}]}}