{"id":539,"date":"2016-08-27T15:13:41","date_gmt":"2016-08-27T15:13:41","guid":{"rendered":"http:\/\/www.goldstadt-tv.de\/?p=539"},"modified":"2016-08-27T15:13:41","modified_gmt":"2016-08-27T15:13:41","slug":"keltern-beim-ausparken-motorrad-uebersehen-27-08-2016","status":"publish","type":"post","link":"http:\/\/www.goldstadt-tv.de\/index.php\/2016\/08\/27\/keltern-beim-ausparken-motorrad-uebersehen-27-08-2016\/","title":{"rendered":"Keltern: Beim ausparken Motorrad \u00fcbersehen &#8211; 27.08.2016"},"content":{"rendered":"<p>Zu einem Unfall in der westlichen Friedrich Stra\u00dfe in Keltern kam es heute Mittag gegen 10:10 Uhr. Der Motorradfahrer befuhr die westliche in Richtung Ellmendingen, als ein VW-Fahrer von einem am Stra\u00dfenrand befindlichen Parkplatz auf die Westliche Friedrich Stra\u00dfe rausfuhr und offensichtlich den Motorradfahrer \u00fcbersah. Es kam zum Zusammensto\u00df der beiden Fahrzeuge, wobei der Motorradfahrer zu Fall kam und sich verletzte. Laut der Polizei wurde dabei der Motorradfahrer schwer verletzt, Lebensgefahr besteht jedoch zum Gl\u00fcck nicht. W\u00e4hrend des Sturzes besch\u00e4digte der Motorradfahrer oder sein Mannloses Krad ein weiteres Fahrzeug auf der Gegenspur, dort fielen die Besch\u00e4digungen zum Gl\u00fcck jedoch sehr gering aus.<\/p>\n<p>Die westliche Friedrich Stra\u00dfe war aufgrund des Unfalls an der Einsatzstelle nur einspurig befahrbar, die Polizei regelte den Verkehr. Mindestens ein Fahrzeug musste abgeschleppt werden.<\/p>\n<p>Meldet Unf\u00e4lle anonym rund um die Uhr per Anruf, SMS oder WhatsApp an 0176\/ 459 179 02! Bitte beachtet, dass Facebook-Nachrichten bei mir erst Tage sp\u00e4ter angezeigt werden!<\/p>\n<p><a data-flickr-embed=\"true\" data-footer=\"true\"  href=\"https:\/\/www.flickr.com\/photos\/goldstadttv\/albums\/72157671826087570\" title=\"Keltern: Motorradfahrer beim ausparken \u00fcbersehen - 27.08.2016\"><img loading=\"lazy\" decoding=\"async\" src=\"https:\/\/c7.staticflickr.com\/9\/8404\/29158317342_c758c26f0c_b.jpg\" width=\"1024\" height=\"683\" alt=\"Keltern: Motorradfahrer beim ausparken \u00fcbersehen - 27.08.2016\"><\/a><script async src=\"\/\/embedr.flickr.com\/assets\/client-code.js\" charset=\"utf-8\"><\/script><\/p>\n","protected":false},"excerpt":{"rendered":"<p>Zu einem Unfall in der westlichen Friedrich Stra\u00dfe in Keltern kam es heute Mittag gegen 10:10 Uhr. Der Motorradfahrer befuhr<\/p>\n","protected":false},"author":1,"featured_media":540,"comment_status":"open","ping_status":"open","sticky":false,"template":"","format":"standard","meta":{"_monsterinsights_skip_tracking":false,"_monsterinsights_sitenote_active":false,"_monsterinsights_sitenote_note":"","_monsterinsights_sitenote_category":0,"footnotes":""},"categories":[42,217,88],"tags":[526,152,525,263,83,308],"_links":{"self":[{"href":"http:\/\/www.goldstadt-tv.de\/index.php\/wp-json\/wp\/v2\/posts\/539"}],"collection":[{"href":"http:\/\/www.goldstadt-tv.de\/index.php\/wp-json\/wp\/v2\/posts"}],"about":[{"href":"http:\/\/www.goldstadt-tv.de\/index.php\/wp-json\/wp\/v2\/types\/post"}],"author":[{"embeddable":true,"href":"http:\/\/www.goldstadt-tv.de\/index.php\/wp-json\/wp\/v2\/users\/1"}],"replies":[{"embeddable":true,"href":"http:\/\/www.goldstadt-tv.de\/index.php\/wp-json\/wp\/v2\/comments?post=539"}],"version-history":[{"count":0,"href":"http:\/\/www.goldstadt-tv.de\/index.php\/wp-json\/wp\/v2\/posts\/539\/revisions"}],"wp:featuredmedia":[{"embeddable":true,"href":"http:\/\/www.goldstadt-tv.de\/index.php\/wp-json\/wp\/v2\/media\/540"}],"wp:attachment":[{"href":"http:\/\/www.goldstadt-tv.de\/index.php\/wp-json\/wp\/v2\/media?parent=539"}],"wp:term":[{"taxonomy":"category","embeddable":true,"href":"http:\/\/www.goldstadt-tv.de\/index.php\/wp-json\/wp\/v2\/categories?post=539"},{"taxonomy":"post_tag","embeddable":true,"href":"http:\/\/www.goldstadt-tv.de\/index.php\/wp-json\/wp\/v2\/tags?post=539"}],"curies":[{"name":"wp","href":"https:\/\/api.w.org\/{rel}","templated":true}]}}