{"id":529,"date":"2016-08-21T17:43:52","date_gmt":"2016-08-21T17:43:52","guid":{"rendered":"http:\/\/www.goldstadt-tv.de\/?p=529"},"modified":"2016-08-21T17:43:52","modified_gmt":"2016-08-21T17:43:52","slug":"pforzheim-wohnungsbrand-in-der-bleichstrasse-21-08-2016","status":"publish","type":"post","link":"http:\/\/www.goldstadt-tv.de\/index.php\/2016\/08\/21\/pforzheim-wohnungsbrand-in-der-bleichstrasse-21-08-2016\/","title":{"rendered":"Pforzheim: Wohnungsbrand in der Bleichstra\u00dfe &#8211; 21.08.2016"},"content":{"rendered":"<p>Um 13:13 Uhr erreichten die Feuerwehr Pforzheim die ersten Notrufe \u00fcber eine massive, schwarze Rauchentwicklung und Feuerschein im 2. OG. an der Bleichstrasse.<br \/>\nUmgehend wurden der L\u00f6schzug der Berufsfeuerwehr, die Abteilungen der  Freiwilligen Feuerwehr Pforzheim Br\u00f6tzingen-Weststadt, Dillwei\u00dfenstein und Eutingen sowie des Kr\u00e4fte Rettungsdienstes alarmiert.<\/p>\n<p>Um 13:19 Uhr waren die ersten Einheiten der Berufsfeuerwehr Pforzheim an der Einsatzstelle vor Ort.<br \/>\nBeim Eintreffen der Feuerwehr best\u00e4tigten sich die Meldungen der Notrufteilnehmer. Massiver Rauchaustritt aus mehreren Fenster im 2. und 3. OG sowie offene Flammen im r\u00fcckw\u00e4rtigen Geb\u00e4udebereich waren sichtbar. Hausbewohner retteten sich bereits \u00fcber den Treppenraum ins Freie. Offensichtlich brannten mehrere R\u00e4ume einer Wohnung. Eine Person stand auf dem Balkon der Brandwohnung. Ihr war der Weg ins Freie durch Feuer und Rauch versperrt.<br \/>\nDie Einsatzkr\u00e4fte der Feuerwehr verschafften sich unter Atemschutz Zugang in die Brandwohnung und nahmen die Brandbek\u00e4mpfung auf. Zeitgleich wurde die Person vom Balkon mit der Drehleiter gerettet.<br \/>\nMit mehreren Trupps unter Atemschutz wurde das gesamte Geb\u00e4ude nach weiteren Personen abgesucht.<\/p>\n<p>Nach intensiven Suchma\u00dfnahmen \u00fcber alle Geschosse bestand rasch Gewissheit, dass sich keine weiteren Personen im Geb\u00e4ude aufhalten. Um 13:45 Uhr war das Feuer unter Kontrolle. Die Nachl\u00f6sch-, Bel\u00fcftungs- und anschlie\u00dfenden Sicherungsma\u00dfnahmen zogen sich bis in die sp\u00e4ten Nachmittagsstunden hin. Ein Bewohner sowie 3 Feuerwehrangeh\u00f6rige wurden beim Einsatz leicht verletzt. Einige Wohnungen sind durch Feuer und Rauch nicht mehr bewohnbar.<br \/>\nInsgesamt waren rund 50 Einsatzkr\u00e4fte der Feuerwehr Pforzheim mit 15 Fahrzeugen aus vier Abteilungen im Einsatz. Die Bleichstra\u00dfe war \u00fcber die Einsatzdauer voll gesperrt.<br \/>\nDienstfreie Beamte der Berufsfeuerwehr wurden nachalarmiert um den Grundschutz auf der Hauptfeuerwache Pforzheim  f\u00fcr weitere Eins\u00e4tze sicherzustellen.<br \/>\nDie genaue Brandursache wird von der Polizei ermittelt.<br \/>\n<strong><br \/>\nMeldet Br\u00e4nde anonym eund um die Uhr per Anruf, SMS oder WhatsApp an 0176\/ 459 179 02!<\/strong><\/p>\n<p><a data-flickr-embed=\"true\" data-footer=\"true\"  href=\"https:\/\/www.flickr.com\/photos\/goldstadttv\/albums\/72157672672320896\" title=\"Pforzheim: Wohnungsbrand in der Bleichstr - 21.08.2016\"><img loading=\"lazy\" decoding=\"async\" src=\"https:\/\/c5.staticflickr.com\/9\/8510\/28513401604_dc70c9ab6a_b.jpg\" width=\"683\" height=\"1024\" alt=\"Pforzheim: Wohnungsbrand in der Bleichstr - 21.08.2016\"><\/a><script async src=\"\/\/embedr.flickr.com\/assets\/client-code.js\" charset=\"utf-8\"><\/script><\/p>\n","protected":false},"excerpt":{"rendered":"<p>Um 13:13 Uhr erreichten die Feuerwehr Pforzheim die ersten Notrufe \u00fcber eine massive, schwarze Rauchentwicklung und Feuerschein im 2. OG.<\/p>\n","protected":false},"author":1,"featured_media":530,"comment_status":"open","ping_status":"open","sticky":false,"template":"","format":"standard","meta":{"_monsterinsights_skip_tracking":false,"_monsterinsights_sitenote_active":false,"_monsterinsights_sitenote_note":"","_monsterinsights_sitenote_category":0,"footnotes":""},"categories":[42,41,40],"tags":[518,517,47,381,46,44],"_links":{"self":[{"href":"http:\/\/www.goldstadt-tv.de\/index.php\/wp-json\/wp\/v2\/posts\/529"}],"collection":[{"href":"http:\/\/www.goldstadt-tv.de\/index.php\/wp-json\/wp\/v2\/posts"}],"about":[{"href":"http:\/\/www.goldstadt-tv.de\/index.php\/wp-json\/wp\/v2\/types\/post"}],"author":[{"embeddable":true,"href":"http:\/\/www.goldstadt-tv.de\/index.php\/wp-json\/wp\/v2\/users\/1"}],"replies":[{"embeddable":true,"href":"http:\/\/www.goldstadt-tv.de\/index.php\/wp-json\/wp\/v2\/comments?post=529"}],"version-history":[{"count":0,"href":"http:\/\/www.goldstadt-tv.de\/index.php\/wp-json\/wp\/v2\/posts\/529\/revisions"}],"wp:featuredmedia":[{"embeddable":true,"href":"http:\/\/www.goldstadt-tv.de\/index.php\/wp-json\/wp\/v2\/media\/530"}],"wp:attachment":[{"href":"http:\/\/www.goldstadt-tv.de\/index.php\/wp-json\/wp\/v2\/media?parent=529"}],"wp:term":[{"taxonomy":"category","embeddable":true,"href":"http:\/\/www.goldstadt-tv.de\/index.php\/wp-json\/wp\/v2\/categories?post=529"},{"taxonomy":"post_tag","embeddable":true,"href":"http:\/\/www.goldstadt-tv.de\/index.php\/wp-json\/wp\/v2\/tags?post=529"}],"curies":[{"name":"wp","href":"https:\/\/api.w.org\/{rel}","templated":true}]}}