{"id":520,"date":"2016-08-16T19:48:13","date_gmt":"2016-08-16T19:48:13","guid":{"rendered":"http:\/\/www.goldstadt-tv.de\/?p=520"},"modified":"2016-08-16T19:48:13","modified_gmt":"2016-08-16T19:48:13","slug":"pforzheim-papier-im-altpapiersammelfahrzeug-faengt-feuer-16-08-2016","status":"publish","type":"post","link":"http:\/\/www.goldstadt-tv.de\/index.php\/2016\/08\/16\/pforzheim-papier-im-altpapiersammelfahrzeug-faengt-feuer-16-08-2016\/","title":{"rendered":"Pforzheim: Papier im Altpapiersammelfahrzeug f\u00e4ngt Feuer &#8211; 16.08.2016"},"content":{"rendered":"<p>Zu einem Vorfall mit einem Altpapiersammelfahrzeug kam es heute Nachmittag gegen 14:30 Uhr in der #Dieselstra\u00dfe.<\/p>\n<p>Aus noch einer unerkl\u00e4rlichen Ursache begann das bereits im LKW befindliches Papier zu qualmen und zu brennen. Der LKW-Fahrer kippte daraufhin sein Ladegut auf die Stra\u00dfe. Damit das Papier sich gleichm\u00e4\u00dfig auf der Stra\u00dfe verteilt, \u00f6ffnete er die hintere Ladeklappe und fuhr langsam die Stra\u00dfe entlang. In dieser Ausnahmesituation hat der Fahrer des M\u00fclllasters v\u00f6llig ausgelassen, auf seine H\u00f6he zu achten. Die hochgehobene Klappe fuhr gegen eine Stra\u00dfenlaterne und besch\u00e4digte sie.<\/p>\n<p>Vielen Dank f\u00fcr die Meldung des Vorfalls!<\/p>\n<p>Meldet Br\u00e4nde anonym rund um die Uhr per Telefon, SMS oder WhatsApp an 0176\/ 459 179 02!<\/p>\n<p><a data-flickr-embed=\"true\" data-footer=\"true\"  href=\"https:\/\/www.flickr.com\/photos\/goldstadttv\/albums\/72157671639788441\" title=\"Pforzheim: Papier im Altpapiersammelfahrzeug f\u00e4ngt Feuer - 16.08.2016\"><img loading=\"lazy\" decoding=\"async\" src=\"https:\/\/c5.staticflickr.com\/9\/8002\/28996841916_b9dc362ac6_b.jpg\" width=\"1024\" height=\"683\" alt=\"Pforzheim: Papier im Altpapiersammelfahrzeug f\u00e4ngt Feuer - 16.08.2016\"><\/a><script async src=\"\/\/embedr.flickr.com\/assets\/client-code.js\" charset=\"utf-8\"><\/script><\/p>\n","protected":false},"excerpt":{"rendered":"<p>Zu einem Vorfall mit einem Altpapiersammelfahrzeug kam es heute Nachmittag gegen 14:30 Uhr in der #Dieselstra\u00dfe. Aus noch einer unerkl\u00e4rlichen<\/p>\n","protected":false},"author":1,"featured_media":521,"comment_status":"open","ping_status":"open","sticky":false,"template":"","format":"standard","meta":{"_monsterinsights_skip_tracking":false,"_monsterinsights_sitenote_active":false,"_monsterinsights_sitenote_note":"","_monsterinsights_sitenote_category":0,"footnotes":""},"categories":[42,41,43,40],"tags":[499,47,500,306,501],"_links":{"self":[{"href":"http:\/\/www.goldstadt-tv.de\/index.php\/wp-json\/wp\/v2\/posts\/520"}],"collection":[{"href":"http:\/\/www.goldstadt-tv.de\/index.php\/wp-json\/wp\/v2\/posts"}],"about":[{"href":"http:\/\/www.goldstadt-tv.de\/index.php\/wp-json\/wp\/v2\/types\/post"}],"author":[{"embeddable":true,"href":"http:\/\/www.goldstadt-tv.de\/index.php\/wp-json\/wp\/v2\/users\/1"}],"replies":[{"embeddable":true,"href":"http:\/\/www.goldstadt-tv.de\/index.php\/wp-json\/wp\/v2\/comments?post=520"}],"version-history":[{"count":0,"href":"http:\/\/www.goldstadt-tv.de\/index.php\/wp-json\/wp\/v2\/posts\/520\/revisions"}],"wp:featuredmedia":[{"embeddable":true,"href":"http:\/\/www.goldstadt-tv.de\/index.php\/wp-json\/wp\/v2\/media\/521"}],"wp:attachment":[{"href":"http:\/\/www.goldstadt-tv.de\/index.php\/wp-json\/wp\/v2\/media?parent=520"}],"wp:term":[{"taxonomy":"category","embeddable":true,"href":"http:\/\/www.goldstadt-tv.de\/index.php\/wp-json\/wp\/v2\/categories?post=520"},{"taxonomy":"post_tag","embeddable":true,"href":"http:\/\/www.goldstadt-tv.de\/index.php\/wp-json\/wp\/v2\/tags?post=520"}],"curies":[{"name":"wp","href":"https:\/\/api.w.org\/{rel}","templated":true}]}}