{"id":509,"date":"2016-08-15T19:54:12","date_gmt":"2016-08-15T19:54:12","guid":{"rendered":"http:\/\/www.goldstadt-tv.de\/?p=509"},"modified":"2016-08-15T19:54:12","modified_gmt":"2016-08-15T19:54:12","slug":"karlsruhe-sperrmuell-an-der-august-bebel-strasse-angezuendet-14-08-2016","status":"publish","type":"post","link":"http:\/\/www.goldstadt-tv.de\/index.php\/2016\/08\/15\/karlsruhe-sperrmuell-an-der-august-bebel-strasse-angezuendet-14-08-2016\/","title":{"rendered":"Karlsruhe: Sperrm\u00fcll an der August-Bebel-Stra\u00dfe angez\u00fcndet &#8211; 14.08.2016"},"content":{"rendered":"<p>Eine bislang unbekannte Person verursachte am Sonntagabend einen Brand in der August-Bebel-Stra\u00dfe. Der oder die<br \/>\nUnbekannte warf vermutlich einen brennenden Gegenstand in dort  zur Abholung bereitgestellten Sperrm\u00fcll. <\/p>\n<p>Gegen 22 Uhr stand der gesamte Sperrm\u00fcll in Flammen. Zudem wurde durch die gro\u00dfe Hitzeeinwirkung ein in der N\u00e4he geparkter Pkw in Mitleidenschaft gezogen. An dem Ford entstand wirtschaftlicher Totalschaden in H\u00f6he von etwa 12.000 Euro. Die Berufsfeuerwehr Karlsruhe war zur L\u00f6schung des Brandes anger\u00fcckt.<br \/>\nZeugen wenden sich mit Hinweisen bitte unter der Telefonnummer 0721\/ 939-4611 an das Polizeirevier Karlsruhe-West.<\/p>\n<p><strong>Meldet Br\u00e4nde, Unf\u00e4lle, Polizeieins\u00e4tze und andere Ereignisse anonym rund um die Uhr per Anruf, SMS oder WhatsApp an 0176\/ 459 179 02!<\/strong><\/p>\n<p><a data-flickr-embed=\"true\" data-footer=\"true\"  href=\"https:\/\/www.flickr.com\/photos\/goldstadttv\/albums\/72157672497160395\" title=\"Karlsruhe: Sperrm\u00fcllbrand - August-Bebel-Str - 14.08.2016\"><img loading=\"lazy\" decoding=\"async\" src=\"https:\/\/c3.staticflickr.com\/9\/8748\/28387327914_2517112b26_b.jpg\" width=\"1024\" height=\"575\" alt=\"Karlsruhe: Sperrm\u00fcllbrand - August-Bebel-Str - 14.08.2016\"><\/a><script async src=\"\/\/embedr.flickr.com\/assets\/client-code.js\" charset=\"utf-8\"><\/script><\/p>\n","protected":false},"excerpt":{"rendered":"<p>Eine bislang unbekannte Person verursachte am Sonntagabend einen Brand in der August-Bebel-Stra\u00dfe. Der oder die Unbekannte warf vermutlich einen brennenden<\/p>\n","protected":false},"author":1,"featured_media":510,"comment_status":"open","ping_status":"open","sticky":false,"template":"","format":"standard","meta":{"_monsterinsights_skip_tracking":false,"_monsterinsights_sitenote_active":false,"_monsterinsights_sitenote_note":"","_monsterinsights_sitenote_category":0,"footnotes":""},"categories":[42,41,43,2],"tags":[495,47,381,5,494],"_links":{"self":[{"href":"http:\/\/www.goldstadt-tv.de\/index.php\/wp-json\/wp\/v2\/posts\/509"}],"collection":[{"href":"http:\/\/www.goldstadt-tv.de\/index.php\/wp-json\/wp\/v2\/posts"}],"about":[{"href":"http:\/\/www.goldstadt-tv.de\/index.php\/wp-json\/wp\/v2\/types\/post"}],"author":[{"embeddable":true,"href":"http:\/\/www.goldstadt-tv.de\/index.php\/wp-json\/wp\/v2\/users\/1"}],"replies":[{"embeddable":true,"href":"http:\/\/www.goldstadt-tv.de\/index.php\/wp-json\/wp\/v2\/comments?post=509"}],"version-history":[{"count":0,"href":"http:\/\/www.goldstadt-tv.de\/index.php\/wp-json\/wp\/v2\/posts\/509\/revisions"}],"wp:featuredmedia":[{"embeddable":true,"href":"http:\/\/www.goldstadt-tv.de\/index.php\/wp-json\/wp\/v2\/media\/510"}],"wp:attachment":[{"href":"http:\/\/www.goldstadt-tv.de\/index.php\/wp-json\/wp\/v2\/media?parent=509"}],"wp:term":[{"taxonomy":"category","embeddable":true,"href":"http:\/\/www.goldstadt-tv.de\/index.php\/wp-json\/wp\/v2\/categories?post=509"},{"taxonomy":"post_tag","embeddable":true,"href":"http:\/\/www.goldstadt-tv.de\/index.php\/wp-json\/wp\/v2\/tags?post=509"}],"curies":[{"name":"wp","href":"https:\/\/api.w.org\/{rel}","templated":true}]}}