{"id":496,"date":"2016-08-07T21:07:19","date_gmt":"2016-08-07T21:07:19","guid":{"rendered":"http:\/\/www.goldstadt-tv.de\/?p=496"},"modified":"2016-08-07T21:14:08","modified_gmt":"2016-08-07T21:14:08","slug":"496","status":"publish","type":"post","link":"http:\/\/www.goldstadt-tv.de\/index.php\/2016\/08\/07\/496\/","title":{"rendered":"4 Verletzte nach Unfall auf der A8 bei Pforzheim-Ost &#8211; 07.08.2016"},"content":{"rendered":"<p>Zu einem Verkehrsunfall mit zwei Schwer- und zwei Leichtverletzten kam es am 07.08.2016, gg. 17.15 Uhr, auf der BAB 8, Fahrtrichtung Karlsruhe, zwischen den Anschlussstellen Pf-S\u00fcd und PF- Ost auf der Gemarkung Niefern-\u00d6schelbronn. Nach bisherigen Ermittlungen des APRev Pforzheim befuhr der Unfallverursacher mit seinem PKW den linken Fahrstreifen.<\/p>\n<p>Als der Verkehr vor ihm stockte konnte er nicht mehr rechtzeitig bremsen, fuhr zwischen dem vor ihm fahrenden PKW und der Leitplanke hindurch, wobei er diesen PKW besch\u00e4digte (Volvo ca. 4.000 Euro<br \/>\nSchaden) und prallte letztendlich auf einen PKW Renault. An diesem Fahrzeug entstand ein Schaden von ca. 20.000 Euro. Durch umherfliegende Tr\u00fcmmerteile wurde ein weiterer PKW (DB ca. 4.000 Euro<br \/>\nSchaden)besch\u00e4digt. Das Fahrzeug des Unfallverursachers, ein Renault, erlitt Totalschaden mit ca. 2.000 Euro Schaden.<\/p>\n<p>In dem unfallverursachenden Fahrzeug befanden sich drei Personen, wobei die Beifahrerin schwer verletzt wurde. Sie musste von der Feuerwehr aus dem Fahrzeug geborgen werden.<br \/>\nDie beiden anderen Insassen erlitten leichte Verletzungen. In dem Renault erlitt der Beifahrer ebenfalls schwere Verletzungen. Alle<br \/>\nvier Verletzten wurden in umliegende Krankenh\u00e4user verbracht. <\/p>\n<p>Der Unfallverursacher machte technische M\u00e4ngel an seinem PKW geltend, weshalb das Fahrzeug sichergestellt wurde. In Fahrtrichtung Karlsruhe bildete sich ein Stau von bis zu 10 km L\u00e4nge, in Richtung Stuttgart bildete sich durch Gaffer ein Stau von bis zu 6 km L\u00e4nge.<\/p>\n<p><strong>Meldet Unf\u00e4lle, Br\u00e4nde, Tierrettung, Polizeieins\u00e4tze und andere Ereignisse anonym rund um die Uhr per Anruf, SMS oder WhatsApp an 0176\/ 459 179 02!<\/strong><\/p>\n<p><a data-flickr-embed=\"true\" data-footer=\"true\"  href=\"https:\/\/www.flickr.com\/photos\/goldstadttv\/albums\/72157669115384043\" title=\"A8 bei Pforzheim-Ost: VU - 07.08.2016\"><img loading=\"lazy\" decoding=\"async\" src=\"https:\/\/c4.staticflickr.com\/9\/8618\/28218072323_f7eec08cce_b.jpg\" width=\"1024\" height=\"683\" alt=\"A8 bei Pforzheim-Ost: VU - 07.08.2016\"><\/a><script async src=\"\/\/embedr.flickr.com\/assets\/client-code.js\" charset=\"utf-8\"><\/script><\/p>\n","protected":false},"excerpt":{"rendered":"<p>Zu einem Verkehrsunfall mit zwei Schwer- und zwei Leichtverletzten kam es am 07.08.2016, gg. 17.15 Uhr, auf der BAB 8,<\/p>\n","protected":false},"author":1,"featured_media":497,"comment_status":"open","ping_status":"open","sticky":false,"template":"","format":"standard","meta":{"_monsterinsights_skip_tracking":false,"_monsterinsights_sitenote_active":false,"_monsterinsights_sitenote_note":"","_monsterinsights_sitenote_category":0,"footnotes":""},"categories":[167,42,40,88],"tags":[478,169,480,479,481,170,83,140],"_links":{"self":[{"href":"http:\/\/www.goldstadt-tv.de\/index.php\/wp-json\/wp\/v2\/posts\/496"}],"collection":[{"href":"http:\/\/www.goldstadt-tv.de\/index.php\/wp-json\/wp\/v2\/posts"}],"about":[{"href":"http:\/\/www.goldstadt-tv.de\/index.php\/wp-json\/wp\/v2\/types\/post"}],"author":[{"embeddable":true,"href":"http:\/\/www.goldstadt-tv.de\/index.php\/wp-json\/wp\/v2\/users\/1"}],"replies":[{"embeddable":true,"href":"http:\/\/www.goldstadt-tv.de\/index.php\/wp-json\/wp\/v2\/comments?post=496"}],"version-history":[{"count":0,"href":"http:\/\/www.goldstadt-tv.de\/index.php\/wp-json\/wp\/v2\/posts\/496\/revisions"}],"wp:featuredmedia":[{"embeddable":true,"href":"http:\/\/www.goldstadt-tv.de\/index.php\/wp-json\/wp\/v2\/media\/497"}],"wp:attachment":[{"href":"http:\/\/www.goldstadt-tv.de\/index.php\/wp-json\/wp\/v2\/media?parent=496"}],"wp:term":[{"taxonomy":"category","embeddable":true,"href":"http:\/\/www.goldstadt-tv.de\/index.php\/wp-json\/wp\/v2\/categories?post=496"},{"taxonomy":"post_tag","embeddable":true,"href":"http:\/\/www.goldstadt-tv.de\/index.php\/wp-json\/wp\/v2\/tags?post=496"}],"curies":[{"name":"wp","href":"https:\/\/api.w.org\/{rel}","templated":true}]}}