{"id":455,"date":"2016-07-24T20:43:42","date_gmt":"2016-07-24T20:43:42","guid":{"rendered":"http:\/\/www.goldstadt-tv.de\/?p=455"},"modified":"2016-07-24T20:43:52","modified_gmt":"2016-07-24T20:43:52","slug":"stutensee-friedrichstal-102-jaehrige-durch-dachstuglbrang-zum-glueck-unverletzt-24-07-2016","status":"publish","type":"post","link":"http:\/\/www.goldstadt-tv.de\/index.php\/2016\/07\/24\/stutensee-friedrichstal-102-jaehrige-durch-dachstuglbrang-zum-glueck-unverletzt-24-07-2016\/","title":{"rendered":"Stutensee-Friedrichstal &#8211; 102-j\u00e4hrige durch Dachstuhlbrand zum Gl\u00fcck unverletzt &#8211; 24.07.2016"},"content":{"rendered":"<p>Am fr\u00fchen Sonntagnachmittag kam es gegen 14.00 Uhr an einem in der  Hagenbuchenstra\u00dfe gelegenen Dreifamilienhaus zu einem Dachstuhlbrand, bei dem drei Bewohnerinnen leicht verletzt wurden und ein Sachschaden in H\u00f6he von ca. 60.000,- Euro entstand. Nach den bislang durchgef\u00fchrten Ermittlungen kam es am Balkon der Dachgescho\u00dfwohnung des dreist\u00f6ckigen Hauses infolge eines technischen<br \/>\nDefektes an der Markisensteuerung zu einem Brand, der sich von au\u00dfen auf den Dachstuhl ausbreitete. Dank des schnellen Eingreifens der Feuerwehren aus Stutensee und Linkenheim, die mit insgesamt 84<br \/>\nEinsatzkr\u00e4ften vor Ort waren, konnte der Brand schnell gel\u00f6scht und somit auch ein Ausbreiten \u00fcber den gesamten Dachstuhl verhindert werden. Obwohl es in der Dachgescho\u00dfwohnung selbst nicht zu einem Brand kam, ist die Wohnung infolge der L\u00f6scharbeiten und des nun besch\u00e4digten Daches derzeit nicht bewohnbar. Durch das Einatmen von<br \/>\nRauchgasen wurden insgesamt drei Bewohnerinnen, darunter die 102-j\u00e4hrige Bewohnerin der Dachgescho\u00dfwohnung, leicht verletzt. Sie alle konnten aber nach ambulanter Behandlung durch die vor Ort<br \/>\neingesetzten Not\u00e4rzte und Rettungskr\u00e4fte dort auch belassen werden.<\/p>\n<p><a data-flickr-embed=\"true\" data-footer=\"true\"  href=\"https:\/\/www.flickr.com\/photos\/goldstadttv\/albums\/72157668552728184\" title=\"Friedrichstal: Aus Balkonbrand wird Dachstuhlbrand - 24.07.2016\"><img loading=\"lazy\" decoding=\"async\" src=\"https:\/\/c5.staticflickr.com\/9\/8192\/27902833244_a70cdfc364_b.jpg\" width=\"768\" height=\"1024\" alt=\"Friedrichstal: Aus Balkonbrand wird Dachstuhlbrand - 24.07.2016\"><\/a><script async src=\"\/\/embedr.flickr.com\/assets\/client-code.js\" charset=\"utf-8\"><\/script><\/p>\n","protected":false},"excerpt":{"rendered":"<p>Am fr\u00fchen Sonntagnachmittag kam es gegen 14.00 Uhr an einem in der Hagenbuchenstra\u00dfe gelegenen Dreifamilienhaus zu einem Dachstuhlbrand, bei dem<\/p>\n","protected":false},"author":1,"featured_media":458,"comment_status":"open","ping_status":"open","sticky":false,"template":"","format":"standard","meta":{"_monsterinsights_skip_tracking":false,"_monsterinsights_sitenote_active":false,"_monsterinsights_sitenote_note":"","_monsterinsights_sitenote_category":0,"footnotes":""},"categories":[42,41,43,2],"tags":[436,47,435,46,434,433],"_links":{"self":[{"href":"http:\/\/www.goldstadt-tv.de\/index.php\/wp-json\/wp\/v2\/posts\/455"}],"collection":[{"href":"http:\/\/www.goldstadt-tv.de\/index.php\/wp-json\/wp\/v2\/posts"}],"about":[{"href":"http:\/\/www.goldstadt-tv.de\/index.php\/wp-json\/wp\/v2\/types\/post"}],"author":[{"embeddable":true,"href":"http:\/\/www.goldstadt-tv.de\/index.php\/wp-json\/wp\/v2\/users\/1"}],"replies":[{"embeddable":true,"href":"http:\/\/www.goldstadt-tv.de\/index.php\/wp-json\/wp\/v2\/comments?post=455"}],"version-history":[{"count":0,"href":"http:\/\/www.goldstadt-tv.de\/index.php\/wp-json\/wp\/v2\/posts\/455\/revisions"}],"wp:featuredmedia":[{"embeddable":true,"href":"http:\/\/www.goldstadt-tv.de\/index.php\/wp-json\/wp\/v2\/media\/458"}],"wp:attachment":[{"href":"http:\/\/www.goldstadt-tv.de\/index.php\/wp-json\/wp\/v2\/media?parent=455"}],"wp:term":[{"taxonomy":"category","embeddable":true,"href":"http:\/\/www.goldstadt-tv.de\/index.php\/wp-json\/wp\/v2\/categories?post=455"},{"taxonomy":"post_tag","embeddable":true,"href":"http:\/\/www.goldstadt-tv.de\/index.php\/wp-json\/wp\/v2\/tags?post=455"}],"curies":[{"name":"wp","href":"https:\/\/api.w.org\/{rel}","templated":true}]}}