{"id":443,"date":"2016-07-22T17:29:25","date_gmt":"2016-07-22T17:29:25","guid":{"rendered":"http:\/\/www.goldstadt-tv.de\/?p=443"},"modified":"2016-07-22T17:29:25","modified_gmt":"2016-07-22T17:29:25","slug":"a8-bei-pforzheim-nord-35-tonner-faehrt-auf-einen-lkw-auf-mit-rettungshubschrauber-in-die-klinik-geflogen-19-07-2016","status":"publish","type":"post","link":"http:\/\/www.goldstadt-tv.de\/index.php\/2016\/07\/22\/a8-bei-pforzheim-nord-35-tonner-faehrt-auf-einen-lkw-auf-mit-rettungshubschrauber-in-die-klinik-geflogen-19-07-2016\/","title":{"rendered":"A8 bei Pforzheim-Nord: 3,5 Tonner f\u00e4hrt auf einen LKW auf. Mit Rettungshubschrauber in die Klinik geflogen &#8211; 19.07.2016"},"content":{"rendered":"<p>Ein Schwerverletzter und ein Sachschaden in H\u00f6he von rund 40.000 Euro waren am Dienstag gegen 13.15 Uhr die Folge eines Auffahrunfalls auf der Autobahn A8. Der 23-j\u00e4hrige Fahrer eines 3,5-Tonners war in Fahrtrichtung Stuttgart unterwegs und  hatte auf der rechten Fahrspur auf H\u00f6he der Ausfahrt Pforzheim-Nord ein<br \/>\nStauende \u00fcbersehen. Beinahe ungebremst fuhr er auf einen bereits stehenden Klein-Lkw auf. Dabei wurde der Verursacher eingeklemmt und musste von der Pforzheimer Berufsfeuerwehr befreit werden. Der schwer aber nicht lebensgef\u00e4hrlich verletzte wurde mit einem Rettungshubschrauber in eine Klinik geflogen. Im Moment sind noch Reinigungsarbeiten im Gange. Die Staul\u00e4nge betr\u00e4gt noch circa 13 Kilometer.<\/p>\n<p><a data-flickr-embed=\"true\" data-footer=\"true\"  href=\"https:\/\/www.flickr.com\/photos\/goldstadttv\/albums\/72157670560788542\" title=\"A8 bei Pforzheim: LKW-Auffahrunfall mit einer schwerverletzten Person bei Pforzheim-Nord - 19.07.2016\"><img loading=\"lazy\" decoding=\"async\" src=\"https:\/\/c8.staticflickr.com\/9\/8536\/28436129815_87f12700ec_b.jpg\" width=\"1024\" height=\"683\" alt=\"A8 bei Pforzheim: LKW-Auffahrunfall mit einer schwerverletzten Person bei Pforzheim-Nord - 19.07.2016\"><\/a><script async src=\"\/\/embedr.flickr.com\/assets\/client-code.js\" charset=\"utf-8\"><\/script><\/p>\n<p><strong>Meldet Br\u00e4nde, Unf\u00e4lle, Polizeieins\u00e4tze und andere Ereignisse anonym rund um die Uhr per Anruf, SMS oder WhatsApp an 0176\/ 459 179 02!<\/strong><\/p>\n","protected":false},"excerpt":{"rendered":"<p>Ein Schwerverletzter und ein Sachschaden in H\u00f6he von rund 40.000 Euro waren am Dienstag gegen 13.15 Uhr die Folge eines<\/p>\n","protected":false},"author":1,"featured_media":444,"comment_status":"open","ping_status":"open","sticky":false,"template":"","format":"standard","meta":{"_monsterinsights_skip_tracking":false,"_monsterinsights_sitenote_active":false,"_monsterinsights_sitenote_note":"","_monsterinsights_sitenote_category":0,"footnotes":""},"categories":[167,42,40,88],"tags":[],"_links":{"self":[{"href":"http:\/\/www.goldstadt-tv.de\/index.php\/wp-json\/wp\/v2\/posts\/443"}],"collection":[{"href":"http:\/\/www.goldstadt-tv.de\/index.php\/wp-json\/wp\/v2\/posts"}],"about":[{"href":"http:\/\/www.goldstadt-tv.de\/index.php\/wp-json\/wp\/v2\/types\/post"}],"author":[{"embeddable":true,"href":"http:\/\/www.goldstadt-tv.de\/index.php\/wp-json\/wp\/v2\/users\/1"}],"replies":[{"embeddable":true,"href":"http:\/\/www.goldstadt-tv.de\/index.php\/wp-json\/wp\/v2\/comments?post=443"}],"version-history":[{"count":0,"href":"http:\/\/www.goldstadt-tv.de\/index.php\/wp-json\/wp\/v2\/posts\/443\/revisions"}],"wp:featuredmedia":[{"embeddable":true,"href":"http:\/\/www.goldstadt-tv.de\/index.php\/wp-json\/wp\/v2\/media\/444"}],"wp:attachment":[{"href":"http:\/\/www.goldstadt-tv.de\/index.php\/wp-json\/wp\/v2\/media?parent=443"}],"wp:term":[{"taxonomy":"category","embeddable":true,"href":"http:\/\/www.goldstadt-tv.de\/index.php\/wp-json\/wp\/v2\/categories?post=443"},{"taxonomy":"post_tag","embeddable":true,"href":"http:\/\/www.goldstadt-tv.de\/index.php\/wp-json\/wp\/v2\/tags?post=443"}],"curies":[{"name":"wp","href":"https:\/\/api.w.org\/{rel}","templated":true}]}}