{"id":435,"date":"2016-07-11T19:36:03","date_gmt":"2016-07-11T19:36:03","guid":{"rendered":"http:\/\/www.goldstadt-tv.de\/?p=435"},"modified":"2016-07-11T19:36:03","modified_gmt":"2016-07-11T19:36:03","slug":"auto-brennt-zwischen-wuerm-und-huchenfeld-vollstaendig-aus-11-07-2016","status":"publish","type":"post","link":"http:\/\/www.goldstadt-tv.de\/index.php\/2016\/07\/11\/auto-brennt-zwischen-wuerm-und-huchenfeld-vollstaendig-aus-11-07-2016\/","title":{"rendered":"Auto brennt zwischen W\u00fcrm und Huchenfeld vollst\u00e4ndig aus &#8211; 11.07.2016"},"content":{"rendered":"<p>Zu einem \u202a\u200ePKW\u202c-\u202a\u200eBrand\u202c kam es heute Abend gegen 18 Uhr auf der Stra\u00dfe zwischen \u202a\u200eW\u00fcrm\u202c und \u202a\u200eHuchenfeld\u202c. Die PKW-Lenkerin aus Rum\u00e4nien befuhr die Verbindungsstra\u00dfe in Fahrtrichtung Huchenfeld, als sie einen bei\u00dfenden Rauchgeruch wahrnahm. Sie steuerte ihr Auto auf einen kleinen \u202aParkplatz\u202c. Als sie aus ihrem Fahrzeug ausstieg, kam bereits wei\u00dfer Rauch vom Fahrzeugboden. Sofort wurde die Feuerwehr alarmiert. Bei ihrem EIntreffen stand das Fahrzeug bereits unter Vollbrand. Die freiwillige Feuerwehr Huchenfeld l\u00f6schte den brennenden Peugeot schnell ab, beim Eintreffen der \u202aPolizei\u202c waren die Flammen schon aus. Dennoch brannte das Auto vollst\u00e4ndig aus. Der Fahrerin selber ist zum Gl\u00fcck nichts passiert. Die Brandursache ist vermutlich ein technischer Defekt. Besonders wehgetan hat der Frau, dass im Fahrzeug das Foto von ihrem verstorbenen Mann verbrannte.<\/p>\n<p>Der \u202a\u200ePeugeot\u202c musste abgeschleppt werden. F\u00fcr die Dauer des Einsatzes war die Stra\u00dfe zwischen W\u00fcrm und Huchenfeld nur einspurig befahrbar. Die Polizei leitete den Verkehr. Ein in der N\u00e4he geparkter \u202aJeep\u202c wurde zum Gl\u00fcck nicht besch\u00e4digt.<\/p>\n<p><strong>Vielen Dank f\u00fcr die Meldung des Einsatzes per Telefon! Meldet Br\u00e4nde, Unf\u00e4lle, Polizeieins\u00e4tze und andere Ereignisse anonym rund um die Uhr per Anruf, SMS oder WhatsApp an 0176\/ 459 179 02!<\/strong><\/p>\n<p><a data-flickr-embed=\"true\" data-footer=\"true\"  href=\"https:\/\/www.flickr.com\/photos\/goldstadttv\/albums\/72157670843704486\" title=\"W\u00fcrm: PKW Brand zw. W\u00fcrm und Huchenfeld - 11.07.2016\"><img loading=\"lazy\" decoding=\"async\" src=\"https:\/\/c1.staticflickr.com\/9\/8853\/27632476464_0491afc4c5_b.jpg\" width=\"1024\" height=\"683\" alt=\"W\u00fcrm: PKW Brand zw. W\u00fcrm und Huchenfeld - 11.07.2016\"><\/a><script async src=\"\/\/embedr.flickr.com\/assets\/client-code.js\" charset=\"utf-8\"><\/script><\/p>\n","protected":false},"excerpt":{"rendered":"<p>Zu einem \u202a\u200ePKW\u202c-\u202a\u200eBrand\u202c kam es heute Abend gegen 18 Uhr auf der Stra\u00dfe zwischen \u202a\u200eW\u00fcrm\u202c und \u202a\u200eHuchenfeld\u202c. Die PKW-Lenkerin aus<\/p>\n","protected":false},"author":1,"featured_media":436,"comment_status":"open","ping_status":"open","sticky":false,"template":"","format":"standard","meta":{"_monsterinsights_skip_tracking":false,"_monsterinsights_sitenote_active":false,"_monsterinsights_sitenote_note":"","_monsterinsights_sitenote_category":0,"footnotes":""},"categories":[42,41,217,246],"tags":[294,112,423,381,46,248,416,422],"_links":{"self":[{"href":"http:\/\/www.goldstadt-tv.de\/index.php\/wp-json\/wp\/v2\/posts\/435"}],"collection":[{"href":"http:\/\/www.goldstadt-tv.de\/index.php\/wp-json\/wp\/v2\/posts"}],"about":[{"href":"http:\/\/www.goldstadt-tv.de\/index.php\/wp-json\/wp\/v2\/types\/post"}],"author":[{"embeddable":true,"href":"http:\/\/www.goldstadt-tv.de\/index.php\/wp-json\/wp\/v2\/users\/1"}],"replies":[{"embeddable":true,"href":"http:\/\/www.goldstadt-tv.de\/index.php\/wp-json\/wp\/v2\/comments?post=435"}],"version-history":[{"count":0,"href":"http:\/\/www.goldstadt-tv.de\/index.php\/wp-json\/wp\/v2\/posts\/435\/revisions"}],"wp:featuredmedia":[{"embeddable":true,"href":"http:\/\/www.goldstadt-tv.de\/index.php\/wp-json\/wp\/v2\/media\/436"}],"wp:attachment":[{"href":"http:\/\/www.goldstadt-tv.de\/index.php\/wp-json\/wp\/v2\/media?parent=435"}],"wp:term":[{"taxonomy":"category","embeddable":true,"href":"http:\/\/www.goldstadt-tv.de\/index.php\/wp-json\/wp\/v2\/categories?post=435"},{"taxonomy":"post_tag","embeddable":true,"href":"http:\/\/www.goldstadt-tv.de\/index.php\/wp-json\/wp\/v2\/tags?post=435"}],"curies":[{"name":"wp","href":"https:\/\/api.w.org\/{rel}","templated":true}]}}