{"id":424,"date":"2016-07-03T22:07:35","date_gmt":"2016-07-03T22:07:35","guid":{"rendered":"http:\/\/www.goldstadt-tv.de\/?p=424"},"modified":"2016-07-03T22:07:35","modified_gmt":"2016-07-03T22:07:35","slug":"pforzheim-grosser-pkw-brand-an-der-karlsruher-strasse-pkw-brennt-voellig-aus-03-07-2016","status":"publish","type":"post","link":"http:\/\/www.goldstadt-tv.de\/index.php\/2016\/07\/03\/pforzheim-grosser-pkw-brand-an-der-karlsruher-strasse-pkw-brennt-voellig-aus-03-07-2016\/","title":{"rendered":"Pforzheim: Gro\u00dfer PKW-Brand an der Karlsruher Stra\u00dfe &#8211; PKW brennt v\u00f6llig aus &#8211; 03.07.2016"},"content":{"rendered":"<p>Zu einem gro\u00dfen PKW-Brand kam es heute Morgen gegen 09:30 Uhr. Wie der Fahrer des ausgebrannten Fahrzeugs mir berichtete, befuhr er die #Karlsruher Stra\u00dfe stadteinw\u00e4rts, nachdem er einen bekannten zum Hauptbahnhof Karlsruhe gefahren hat. W\u00e4hrend der Fahrt sind ihm keine auff\u00e4lligkeiten aufgefallen. Erst nachdem die anderen Verkehrsteilnehmer durch hupen den Fahrer darauf aufmerksam gemacht haben, dass an seinem Fahrzeug etwas nicht stimmt, hielt dieser an und bemerkte Rauch unter seinem Auto. <\/p>\n<p>Doch der Brand entwickelte sich so rasant aus, dass die vor Ort geeilte Feuerwehr Pforzheim trotz umfassenden L\u00f6schma\u00dfnahmen das Fahrzeug nicht mehr retten konnte.Schon nach einigen Minuten waren die Flammen meterhoch. Der Brand war so stark, dass ein in der N\u00e4he befindliches Werbeplakat anfing zu brennen. Den Rauch des Brandes sah man sogar aus Br\u00f6tzingen. Die Hitze war so stark, dass das Aluminium im Motorblock schmolz und auf die Stra\u00dfe rausgelaufen ist.<\/p>\n<p>Neben den L\u00f6schma\u00dfnahmen sorgte die Feuerwehr daf\u00fcr, dass die Betriebsfl\u00fcssigkeiten des Autos, also Benzin und \u00d6le nicht in das Abwasser gelangen. Dazu streute die Feuerwehr spezielles Bindemittel aus, damit das Wasser auf der Fahrbahn bleibt und nicht in die Kanalisation abflie\u00dft.<\/p>\n<p>Die technischen #Dienste der Stadt Pforzheim begutachteten die Lage vor Ort, eine Reinigungsfirma s\u00e4uberte die Fahrbahn und die Brandstelle und entferne das zur\u00fcckgehaltene \u00d6l.<\/p>\n<p>Aufgrund des Einsatzes war die Karlsruher Stra\u00dfe stadteinw\u00e4rts einige Zeit voll gesperrt, anschlie\u00dfend zweitweise nur einspurig befahrbar. Der ausgebrannte Mercedes wurde abgeschleppt. Der Fahrer wurde zum Gl\u00fcck nicht verletzt.<br \/>\nVielen Dank f\u00fcr die Meldung des Brandes anonym per WhatsApp!<\/p>\n<p>Meldet Br\u00e4nde, Unf\u00e4lle, Polizeieins\u00e4tze und andere Ereignisse anonym rund um die Uhr per Telefon, SMS oder WhatsApp an 0176\/ 459 179 02!<\/p>\n<p><a data-flickr-embed=\"true\" data-footer=\"true\"  href=\"https:\/\/www.flickr.com\/photos\/goldstadttv\/albums\/72157669543221550\" title=\"Pforzheim: PKW brennt vollst\u00e4ndig aus - Karlsruher Stra\u00dfe - 03.07.2016\"><img loading=\"lazy\" decoding=\"async\" src=\"https:\/\/c7.staticflickr.com\/8\/7295\/28033638246_b054b8bbc8_b.jpg\" width=\"1024\" height=\"683\" alt=\"Pforzheim: PKW brennt vollst\u00e4ndig aus - Karlsruher Stra\u00dfe - 03.07.2016\"><\/a><script async src=\"\/\/embedr.flickr.com\/assets\/client-code.js\" charset=\"utf-8\"><\/script><\/p>\n","protected":false},"excerpt":{"rendered":"<p>Zu einem gro\u00dfen PKW-Brand kam es heute Morgen gegen 09:30 Uhr. Wie der Fahrer des ausgebrannten Fahrzeugs mir berichtete, befuhr<\/p>\n","protected":false},"author":1,"featured_media":427,"comment_status":"open","ping_status":"open","sticky":false,"template":"","format":"standard","meta":{"_monsterinsights_skip_tracking":false,"_monsterinsights_sitenote_active":false,"_monsterinsights_sitenote_note":"","_monsterinsights_sitenote_category":0,"footnotes":""},"categories":[42,41,43,40],"tags":[294,112,46,90,141,44,416,50,417,410],"_links":{"self":[{"href":"http:\/\/www.goldstadt-tv.de\/index.php\/wp-json\/wp\/v2\/posts\/424"}],"collection":[{"href":"http:\/\/www.goldstadt-tv.de\/index.php\/wp-json\/wp\/v2\/posts"}],"about":[{"href":"http:\/\/www.goldstadt-tv.de\/index.php\/wp-json\/wp\/v2\/types\/post"}],"author":[{"embeddable":true,"href":"http:\/\/www.goldstadt-tv.de\/index.php\/wp-json\/wp\/v2\/users\/1"}],"replies":[{"embeddable":true,"href":"http:\/\/www.goldstadt-tv.de\/index.php\/wp-json\/wp\/v2\/comments?post=424"}],"version-history":[{"count":0,"href":"http:\/\/www.goldstadt-tv.de\/index.php\/wp-json\/wp\/v2\/posts\/424\/revisions"}],"wp:featuredmedia":[{"embeddable":true,"href":"http:\/\/www.goldstadt-tv.de\/index.php\/wp-json\/wp\/v2\/media\/427"}],"wp:attachment":[{"href":"http:\/\/www.goldstadt-tv.de\/index.php\/wp-json\/wp\/v2\/media?parent=424"}],"wp:term":[{"taxonomy":"category","embeddable":true,"href":"http:\/\/www.goldstadt-tv.de\/index.php\/wp-json\/wp\/v2\/categories?post=424"},{"taxonomy":"post_tag","embeddable":true,"href":"http:\/\/www.goldstadt-tv.de\/index.php\/wp-json\/wp\/v2\/tags?post=424"}],"curies":[{"name":"wp","href":"https:\/\/api.w.org\/{rel}","templated":true}]}}