{"id":401,"date":"2016-06-05T13:27:34","date_gmt":"2016-06-05T13:27:34","guid":{"rendered":"http:\/\/www.goldstadt-tv.de\/?p=401"},"modified":"2016-06-05T13:27:34","modified_gmt":"2016-06-05T13:27:34","slug":"a8-bei-pforzheim-ost-auffahrunfall-mit-vollbesetzten-rumaenischem-minivan-03-06-2016","status":"publish","type":"post","link":"http:\/\/www.goldstadt-tv.de\/index.php\/2016\/06\/05\/a8-bei-pforzheim-ost-auffahrunfall-mit-vollbesetzten-rumaenischem-minivan-03-06-2016\/","title":{"rendered":"A8 bei Pforzheim-Ost: Auffahrunfall mit vollbesetzten rum\u00e4nischem Minivan &#8211; 03.06.2016"},"content":{"rendered":"<p>Zu einem Unfall mit 3 beteiligten Fahrzeugen kam es, wie Marcus berichtete gegen 19:15 Uhr kurz vor der AS Pforzheim-Ost in Fahrtrichtung Karlsruhe. Aus mir noch unbekannter Ursache sind insgesamt 2 Fahrzeuge, ein Toyota und ein vollbesetzter rum\u00e4nischer Minivan auf den BMW aufgefahren. Dabei erlitt eine Dame Beschwerden im Hals-und-Nacken-Bereich. Sie wurde mit dem Rettungswagen in ein Krankenhaus gefahren.<\/p>\n<p>Alle drei Fahrzeuge wurden durch den Unfall bech\u00e4digt, an dem Toyota entstand vermutlich ein Totalschaden. Die Schadensh\u00f6he sch\u00e4tzt man auf ca. 10.000 \u20ac.<\/p>\n<p>Problematisch war die Verst\u00e4ndigung der zahlreichen rum\u00e4nischer Minivan-Insa\u00dfen, welche kaum Deutsch gesprochen haben. Da ihr Auto nicht mehr fahrbereit war und abgeschleppt werden musste, wurde f\u00fcr sie ein Gro\u00dfraumtaxi bestellt, um die Personen von der Autobahn rauszufahren. Trotz der M\u00f6glichkeit, die Unfallstelle zu passieren, bildete sich aufgrund nur einem verf\u00fcgbaren Fahrstreifen ein l\u00e4ngerer Stau.<\/p>\n<p><a data-flickr-embed=\"true\" data-footer=\"true\"  href=\"https:\/\/www.flickr.com\/photos\/goldstadttv\/albums\/72157666712846224\" title=\"Pforzeim: Auffahrunall A8 bei PF-Ost - 03.06.2016\"><img loading=\"lazy\" decoding=\"async\" src=\"https:\/\/c3.staticflickr.com\/8\/7535\/27179799930_e169233432_b.jpg\" width=\"1024\" height=\"683\" alt=\"Pforzeim: Auffahrunall A8 bei PF-Ost - 03.06.2016\"><\/a><script async src=\"\/\/embedr.flickr.com\/assets\/client-code.js\" charset=\"utf-8\"><\/script><\/p>\n","protected":false},"excerpt":{"rendered":"<p>Zu einem Unfall mit 3 beteiligten Fahrzeugen kam es, wie Marcus berichtete gegen 19:15 Uhr kurz vor der AS Pforzheim-Ost<\/p>\n","protected":false},"author":1,"featured_media":402,"comment_status":"open","ping_status":"open","sticky":false,"template":"","format":"standard","meta":{"_monsterinsights_skip_tracking":false,"_monsterinsights_sitenote_active":false,"_monsterinsights_sitenote_note":"","_monsterinsights_sitenote_category":0,"footnotes":""},"categories":[167,42,40,88],"tags":[169,168,170,392,83],"_links":{"self":[{"href":"http:\/\/www.goldstadt-tv.de\/index.php\/wp-json\/wp\/v2\/posts\/401"}],"collection":[{"href":"http:\/\/www.goldstadt-tv.de\/index.php\/wp-json\/wp\/v2\/posts"}],"about":[{"href":"http:\/\/www.goldstadt-tv.de\/index.php\/wp-json\/wp\/v2\/types\/post"}],"author":[{"embeddable":true,"href":"http:\/\/www.goldstadt-tv.de\/index.php\/wp-json\/wp\/v2\/users\/1"}],"replies":[{"embeddable":true,"href":"http:\/\/www.goldstadt-tv.de\/index.php\/wp-json\/wp\/v2\/comments?post=401"}],"version-history":[{"count":0,"href":"http:\/\/www.goldstadt-tv.de\/index.php\/wp-json\/wp\/v2\/posts\/401\/revisions"}],"wp:featuredmedia":[{"embeddable":true,"href":"http:\/\/www.goldstadt-tv.de\/index.php\/wp-json\/wp\/v2\/media\/402"}],"wp:attachment":[{"href":"http:\/\/www.goldstadt-tv.de\/index.php\/wp-json\/wp\/v2\/media?parent=401"}],"wp:term":[{"taxonomy":"category","embeddable":true,"href":"http:\/\/www.goldstadt-tv.de\/index.php\/wp-json\/wp\/v2\/categories?post=401"},{"taxonomy":"post_tag","embeddable":true,"href":"http:\/\/www.goldstadt-tv.de\/index.php\/wp-json\/wp\/v2\/tags?post=401"}],"curies":[{"name":"wp","href":"https:\/\/api.w.org\/{rel}","templated":true}]}}