{"id":398,"date":"2016-06-05T13:23:29","date_gmt":"2016-06-05T13:23:29","guid":{"rendered":"http:\/\/www.goldstadt-tv.de\/?p=398"},"modified":"2016-06-05T13:23:29","modified_gmt":"2016-06-05T13:23:29","slug":"muehlacker-unfall-nach-rotlichtverstoss-pforzheimerstr-oetisheimerstr-03-06-2016","status":"publish","type":"post","link":"http:\/\/www.goldstadt-tv.de\/index.php\/2016\/06\/05\/muehlacker-unfall-nach-rotlichtverstoss-pforzheimerstr-oetisheimerstr-03-06-2016\/","title":{"rendered":"M\u00fchlacker: Unfall nach Rotlichtversto\u00df Pforzheimerstr.\/\u00d6tisheimerstr. &#8211; 03.06.2016"},"content":{"rendered":"<p>Zu einem \u202aUnfall\u202c auf der Kreuzung \u202a\u200ePforzheimerstr\u202c.\/\u202a\u200e\u00d6tisheimerstr\u202c. kam es heute Abend gegen 16:30 Uhr in \u202a\u200eM\u00fchlacker\u202c. Der Fahrzeuglenker des Peugeots befuhr die Pforzheimer Stra\u00dfe aus der Richtung der \u202a\u200eStadtmitte\u202c und \u00fcbersah an der Kreuzung mit der \u00d6tisheimer Stra\u00dfe die rote Ampel. Gleichzeitig fuhr aus der \u00d6tisheimer Stra\u00dfe der schwarzer Mini. Er bog nach rechts in Richtung Pforzheim ab. Es kam zum Zusammensto\u00df der beiden \u202a#\u200eFahrzeuge\u202c, wobei sich beim Unfall eine Person aus dem Mini so stark verletzte, dass sie mit dem Rettungsdienst in ein Krankenhaus gebracht werden mussste.<\/p>\n<p>Die Feuerwehr versetzte wohl die auf dem Kreuzungsbereich stehende Fahrzeuge, damit der \u202a#\u200eVerkehrsfluss\u202c an der Einsatzstelle vorbeiflie\u00dfen kann. An beiden Autos entstand so ein gro\u00dfer Schaden, dass diese nicht mehr fahrbereit waren und abgeschleppt werden musste. Der Fahrer des Peugeots r\u00e4umte der Polizei seinen \u202a#Rotlichtversto\u00df\u202c ein.<\/p>\n<p><a data-flickr-embed=\"true\" data-footer=\"true\"  href=\"https:\/\/www.flickr.com\/photos\/goldstadttv\/albums\/72157669316753875\" title=\"M\u00fchlacker - VU nach Rotlichtversto\u00df - 03.06.2015\"><img loading=\"lazy\" decoding=\"async\" src=\"https:\/\/c6.staticflickr.com\/8\/7742\/27455756845_f69b0568bd_b.jpg\" width=\"1024\" height=\"683\" alt=\"M\u00fchlacker - VU nach Rotlichtversto\u00df - 03.06.2015\"><\/a><script async src=\"\/\/embedr.flickr.com\/assets\/client-code.js\" charset=\"utf-8\"><\/script><\/p>\n","protected":false},"excerpt":{"rendered":"<p>Zu einem \u202aUnfall\u202c auf der Kreuzung \u202a\u200ePforzheimerstr\u202c.\/\u202a\u200e\u00d6tisheimerstr\u202c. kam es heute Abend gegen 16:30 Uhr in \u202a\u200eM\u00fchlacker\u202c. Der Fahrzeuglenker des Peugeots<\/p>\n","protected":false},"author":1,"featured_media":399,"comment_status":"open","ping_status":"open","sticky":false,"template":"","format":"standard","meta":{"_monsterinsights_skip_tracking":false,"_monsterinsights_sitenote_active":false,"_monsterinsights_sitenote_note":"","_monsterinsights_sitenote_category":0,"footnotes":""},"categories":[42,388,88],"tags":[391,390,389,83,140],"_links":{"self":[{"href":"http:\/\/www.goldstadt-tv.de\/index.php\/wp-json\/wp\/v2\/posts\/398"}],"collection":[{"href":"http:\/\/www.goldstadt-tv.de\/index.php\/wp-json\/wp\/v2\/posts"}],"about":[{"href":"http:\/\/www.goldstadt-tv.de\/index.php\/wp-json\/wp\/v2\/types\/post"}],"author":[{"embeddable":true,"href":"http:\/\/www.goldstadt-tv.de\/index.php\/wp-json\/wp\/v2\/users\/1"}],"replies":[{"embeddable":true,"href":"http:\/\/www.goldstadt-tv.de\/index.php\/wp-json\/wp\/v2\/comments?post=398"}],"version-history":[{"count":0,"href":"http:\/\/www.goldstadt-tv.de\/index.php\/wp-json\/wp\/v2\/posts\/398\/revisions"}],"wp:featuredmedia":[{"embeddable":true,"href":"http:\/\/www.goldstadt-tv.de\/index.php\/wp-json\/wp\/v2\/media\/399"}],"wp:attachment":[{"href":"http:\/\/www.goldstadt-tv.de\/index.php\/wp-json\/wp\/v2\/media?parent=398"}],"wp:term":[{"taxonomy":"category","embeddable":true,"href":"http:\/\/www.goldstadt-tv.de\/index.php\/wp-json\/wp\/v2\/categories?post=398"},{"taxonomy":"post_tag","embeddable":true,"href":"http:\/\/www.goldstadt-tv.de\/index.php\/wp-json\/wp\/v2\/tags?post=398"}],"curies":[{"name":"wp","href":"https:\/\/api.w.org\/{rel}","templated":true}]}}