{"id":393,"date":"2016-05-26T19:05:45","date_gmt":"2016-05-26T19:05:45","guid":{"rendered":"http:\/\/www.goldstadt-tv.de\/?p=393"},"modified":"2016-05-26T19:05:45","modified_gmt":"2016-05-26T19:05:45","slug":"karlsruhe-pkw-am-lameyplatz-von-der-strassenbahn-erfasst-und-mitgeschliffen-26-05-2016","status":"publish","type":"post","link":"http:\/\/www.goldstadt-tv.de\/index.php\/2016\/05\/26\/karlsruhe-pkw-am-lameyplatz-von-der-strassenbahn-erfasst-und-mitgeschliffen-26-05-2016\/","title":{"rendered":"Karlsruhe: PKW am Lameyplatz von der Stra\u00dfenbahn erfasst und mitgeschliffen &#8211; 26.05.2016"},"content":{"rendered":"<p>Drei verletzte Personen und ein Sachschaden vonbrund 41.000 Euro sind die Bilanz eines Verkehrsunfalls, der sich am Mittwochabend um 20.00 Uhr in der Lameystra\u00dfe ereignet hat. Ein 50-j\u00e4hriger ortsunkundiger Mann aus dem Landkreis Kaiserslautern war zur Unfallzeit mit seinem Pkw, Mazda, auf der Lameystra\u00dfe in westlicher Richtung unterwegs. Bei einem Wendevorgang in H\u00f6he der Hardtstra\u00dfe \u00fcbersah der Mann eine von hinten herannahende Stra\u00dfenbahn. Die Stra\u00dfenbahn erfasste den Pkw und schleuderte ihn rund 15 Meter weiter gegen ein Verkehrszeichen und eine Fu\u00dfg\u00e4ngerampel. Der Pkw-Fahrer und sein 28-j\u00e4hriger Beifahrer wurden dabei schwer verletzt und mussten ins Krankenhaus eingeliefert werden. Der Beifahrer, es handelte sich um den Sohn des Fahrers, musste durch die Berufsfeuerwehr aus dem Fahrzeug befreit werden. Seine Fahrzeugt\u00fcr lie\u00df sich nicht mehr \u00f6ffnen. In der Stra\u00dfenbahn st\u00fcrzte eine 49-j\u00e4hrige Frau und wurde leicht verletzt. Sie konnte das Krankenhaus nach ambulanter Behandlung wieder verlassen.<\/p>\n<p><a data-flickr-embed=\"true\"  href=\"https:\/\/www.flickr.com\/photos\/139657512@N08\/albums\/72157666393970623\" title=\"\u00d6- Bahnunfall Lameyplatz - 25.05.2016\"><img loading=\"lazy\" decoding=\"async\" src=\"https:\/\/c2.staticflickr.com\/8\/7008\/26663070593_d532e186f7_b.jpg\" width=\"1024\" height=\"685\" alt=\"\u00d6- Bahnunfall Lameyplatz - 25.05.2016\"><\/a><script async src=\"\/\/embedr.flickr.com\/assets\/client-code.js\" charset=\"utf-8\"><\/script><\/p>\n","protected":false},"excerpt":{"rendered":"<p>Drei verletzte Personen und ein Sachschaden vonbrund 41.000 Euro sind die Bilanz eines Verkehrsunfalls, der sich am Mittwochabend um 20.00<\/p>\n","protected":false},"author":1,"featured_media":394,"comment_status":"open","ping_status":"open","sticky":false,"template":"","format":"standard","meta":{"_monsterinsights_skip_tracking":false,"_monsterinsights_sitenote_active":false,"_monsterinsights_sitenote_note":"","_monsterinsights_sitenote_category":0,"footnotes":""},"categories":[42,2,88],"tags":[387,252,295,5,386,147,83,140,186],"_links":{"self":[{"href":"http:\/\/www.goldstadt-tv.de\/index.php\/wp-json\/wp\/v2\/posts\/393"}],"collection":[{"href":"http:\/\/www.goldstadt-tv.de\/index.php\/wp-json\/wp\/v2\/posts"}],"about":[{"href":"http:\/\/www.goldstadt-tv.de\/index.php\/wp-json\/wp\/v2\/types\/post"}],"author":[{"embeddable":true,"href":"http:\/\/www.goldstadt-tv.de\/index.php\/wp-json\/wp\/v2\/users\/1"}],"replies":[{"embeddable":true,"href":"http:\/\/www.goldstadt-tv.de\/index.php\/wp-json\/wp\/v2\/comments?post=393"}],"version-history":[{"count":0,"href":"http:\/\/www.goldstadt-tv.de\/index.php\/wp-json\/wp\/v2\/posts\/393\/revisions"}],"wp:featuredmedia":[{"embeddable":true,"href":"http:\/\/www.goldstadt-tv.de\/index.php\/wp-json\/wp\/v2\/media\/394"}],"wp:attachment":[{"href":"http:\/\/www.goldstadt-tv.de\/index.php\/wp-json\/wp\/v2\/media?parent=393"}],"wp:term":[{"taxonomy":"category","embeddable":true,"href":"http:\/\/www.goldstadt-tv.de\/index.php\/wp-json\/wp\/v2\/categories?post=393"},{"taxonomy":"post_tag","embeddable":true,"href":"http:\/\/www.goldstadt-tv.de\/index.php\/wp-json\/wp\/v2\/tags?post=393"}],"curies":[{"name":"wp","href":"https:\/\/api.w.org\/{rel}","templated":true}]}}