{"id":390,"date":"2016-05-22T15:07:16","date_gmt":"2016-05-22T15:07:16","guid":{"rendered":"http:\/\/www.goldstadt-tv.de\/?p=390"},"modified":"2016-05-22T15:07:16","modified_gmt":"2016-05-22T15:07:16","slug":"hoefen-gartenhuette-brennt-am-campingplatz-vollstaendig-aus-21-05-2016","status":"publish","type":"post","link":"http:\/\/www.goldstadt-tv.de\/index.php\/2016\/05\/22\/hoefen-gartenhuette-brennt-am-campingplatz-vollstaendig-aus-21-05-2016\/","title":{"rendered":"H\u00f6fen: Gartenh\u00fctte brennt am Campingplatz vollst\u00e4ndig aus &#8211; 21.05.2016"},"content":{"rendered":"<p>Zu einem Brand einer Gartenh\u00fctte auf dem \u202aCampingplatz\u202c in \u202aH\u00f6fen\u202c kam es heute Mittag gegen 12:30 Uhr. Die Ohrenzeugen h\u00f6rten einen lauten Knall und sahen die H\u00fctte in Flammen aufgehen. Obwohl die Feuerwehr schnell an der Einsatzstelle war, schossen bei ihrem Eintreffen an der Einsatzstelle bereits meterhohe \u202a\u200eFlammen\u202c. Auch angrenzende B\u00e4ume haben angefangen zu brennen.<\/p>\n<p>Die Feuerwehr stellte sicher, dass in der Gartenh\u00fctte keine Menschen sich befinden und begann den Brand zu l\u00f6schen. Im Rahmen der L\u00f6scharbeiteh wurde aus der H\u00fctte eine Gasflasche geborgen. Ob diese die \u202a\u200eUrsache\u202c f\u00fcr den \u202aBrand\u202c ist, kann derzeit noch nicht gesagt werden. Trotz des schnellen Eingreifens der Feuerwehr, ist die H\u00fctte leider vollst\u00e4ndig niedergebrannt und kann wohl nicht mehr repariert werden. Zum Gl\u00fcck kamen bei dem Brand keine Menschen zu Schaden.<\/p>\n<p>Positiv erw\u00e4hnen m\u00f6chte ich die Bewohner des Campingplatzes, welche schnell die Feuerwehr \u202a\u200ealarmiert\u202c, und anschlie\u00dfend am Einsatzsort eingewiesen haben und auch sonst sehr hilfsbereit waren. Auch die Aufstellung der \u202aGrundst\u00fccke\u202c auf dem Campingplatz fand die Feuerwehr gut geplant: Die Anfahrtswege waren alle passierbar und die Grundst\u00fccke waren so angeordnet, dass das \u00fcbergreifen des Feuers auf ein benachbartes Grundst\u00fcck nicht m\u00f6glich war.Das deutsches rote Kreuz sicherte den Einsatz medizinisch ab, die Polizei hat die \u202aErmittlungen\u202c aufgenommen.<\/p>\n<p><a data-flickr-embed=\"true\" data-footer=\"true\"  href=\"https:\/\/www.flickr.com\/photos\/goldstadttv\/albums\/72157666231919753\" title=\"H\u00f6fen: Gartenh\u00fcttenbrand Campingplatz H\u00f6fen - 21.05.2016\"><img loading=\"lazy\" decoding=\"async\" src=\"https:\/\/farm8.staticflickr.com\/7588\/27075395762_d0f8ce8772_b.jpg\" width=\"1024\" height=\"683\" alt=\"H\u00f6fen: Gartenh\u00fcttenbrand Campingplatz H\u00f6fen - 21.05.2016\"><\/a><script async src=\"\/\/embedr.flickr.com\/assets\/client-code.js\" charset=\"utf-8\"><\/script><\/p>\n","protected":false},"excerpt":{"rendered":"<p>Zu einem Brand einer Gartenh\u00fctte auf dem \u202aCampingplatz\u202c in \u202aH\u00f6fen\u202c kam es heute Mittag gegen 12:30 Uhr. Die Ohrenzeugen h\u00f6rten<\/p>\n","protected":false},"author":1,"featured_media":391,"comment_status":"open","ping_status":"open","sticky":false,"template":"","format":"standard","meta":{"_monsterinsights_skip_tracking":false,"_monsterinsights_sitenote_active":false,"_monsterinsights_sitenote_note":"","_monsterinsights_sitenote_category":0,"footnotes":""},"categories":[42,41,217,43,383],"tags":[47,384,381,46,380,385],"_links":{"self":[{"href":"http:\/\/www.goldstadt-tv.de\/index.php\/wp-json\/wp\/v2\/posts\/390"}],"collection":[{"href":"http:\/\/www.goldstadt-tv.de\/index.php\/wp-json\/wp\/v2\/posts"}],"about":[{"href":"http:\/\/www.goldstadt-tv.de\/index.php\/wp-json\/wp\/v2\/types\/post"}],"author":[{"embeddable":true,"href":"http:\/\/www.goldstadt-tv.de\/index.php\/wp-json\/wp\/v2\/users\/1"}],"replies":[{"embeddable":true,"href":"http:\/\/www.goldstadt-tv.de\/index.php\/wp-json\/wp\/v2\/comments?post=390"}],"version-history":[{"count":0,"href":"http:\/\/www.goldstadt-tv.de\/index.php\/wp-json\/wp\/v2\/posts\/390\/revisions"}],"wp:featuredmedia":[{"embeddable":true,"href":"http:\/\/www.goldstadt-tv.de\/index.php\/wp-json\/wp\/v2\/media\/391"}],"wp:attachment":[{"href":"http:\/\/www.goldstadt-tv.de\/index.php\/wp-json\/wp\/v2\/media?parent=390"}],"wp:term":[{"taxonomy":"category","embeddable":true,"href":"http:\/\/www.goldstadt-tv.de\/index.php\/wp-json\/wp\/v2\/categories?post=390"},{"taxonomy":"post_tag","embeddable":true,"href":"http:\/\/www.goldstadt-tv.de\/index.php\/wp-json\/wp\/v2\/tags?post=390"}],"curies":[{"name":"wp","href":"https:\/\/api.w.org\/{rel}","templated":true}]}}