{"id":374,"date":"2016-05-09T15:03:32","date_gmt":"2016-05-09T15:03:32","guid":{"rendered":"http:\/\/www.goldstadt-tv.de\/?p=374"},"modified":"2016-05-09T15:03:32","modified_gmt":"2016-05-09T15:03:32","slug":"dobel-toedlicher-verkehrsunfall-zwischen-neuenbuerg-und-dobel-08-05-2016","status":"publish","type":"post","link":"http:\/\/www.goldstadt-tv.de\/index.php\/2016\/05\/09\/dobel-toedlicher-verkehrsunfall-zwischen-neuenbuerg-und-dobel-08-05-2016\/","title":{"rendered":"Dobel: T\u00f6dlicher Verkehrsunfall zwischen Neuenb\u00fcrg und Dobel &#8211; 08.05.2016"},"content":{"rendered":"<p>T\u00f6dliche Verletzungen zogen sich nach einem<br \/>\nZusammensto\u00df zweier Pkw, am Sonntagnachmittag, um 15.20 Uhr, ein 80<br \/>\nJahre alter Pkw-Lenker sowie seine 72-j\u00e4hrige Ehefrau und Beifahrerin<br \/>\naus Bad Liebenzell zu. Mit ihrem VW K\u00e4fer-Oldtimer befuhren sie die L<br \/>\n340, von Dobel kommend, in Richtung Eyachtal. Kurz nach der<br \/>\nAbzweigung &#8222;Dreimarkstein&#8220; kam ihnen ein 51 Jahre alter Pkw-F\u00fchrer<br \/>\naus Frankreich entgegen. Dieser kam aus bislang nicht bekannten<br \/>\nGr\u00fcnden, in der dortigen, aus seiner Fahrtrichtung un\u00fcbersichtlichen<br \/>\nRechtskurve, auf die linke Fahrbahnseite, wo er mit der linken<br \/>\nFahrzeugfront in die linke Front des ordnungsgem\u00e4\u00df entgegen kommenden<br \/>\nOldtimers prallte. Das Fahrzeug des 80-j\u00e4hrigen wurde in die rechte<br \/>\nLeitplanke abgewiesen und kam dort zum Stehen. Die beiden Insassen<br \/>\nwurden in ihrem Fahrzeug eingeklemmt und zogen sich hierbei so<br \/>\nschwere Verletzungen zu, dass sie noch an der Unfallstelle<br \/>\nverstarben. Im Pkw des Verursachers wurden der Fahrer und ein<br \/>\nMitfahrer schwer verletzt. Sie wurden in umliegende Krankenh\u00e4user<br \/>\neingeliefert. Die L 340 musste zur Unfallaufnahme und Reinigung der<br \/>\nFahrbahn bis um 19.00 Uhr voll geperrt werden. Zur Kl\u00e4rung der<br \/>\nUnfallursache wurde ein Sachverst\u00e4ndiger hinzu gezogen. F\u00fcr die<br \/>\nHilfeleistung am Unfallort waren sechs Streifenwagenbesatzungen der<br \/>\nPolizei, die Freiwillige Feuerwehr Dobel mit 15 und die Freiwillige<br \/>\nFeuerwehr Bad Herrenalb mit 12 Mann, eingesetzt. Der Rettungsdienst<br \/>\nwar mit drei Rettungswagen, einem Notarztwagen und einem<br \/>\nRettungshubschrauber vor Ort.<\/p>\n<p><a data-flickr-embed=\"true\" data-footer=\"true\"  href=\"https:\/\/www.flickr.com\/photos\/goldstadttv\/albums\/72157667509348090\" title=\"Dobel: T\u00f6dl. Verkehtsunfall zwischen Neuenb\u00fcrg und Dobel - 08.05.2016\"><img loading=\"lazy\" decoding=\"async\" src=\"https:\/\/farm8.staticflickr.com\/7512\/26846248771_6cf973d63a_b.jpg\" width=\"1024\" height=\"683\" alt=\"Dobel: T\u00f6dl. Verkehtsunfall zwischen Neuenb\u00fcrg und Dobel - 08.05.2016\"><\/a><script async src=\"\/\/embedr.flickr.com\/assets\/client-code.js\" charset=\"utf-8\"><\/script><\/p>\n","protected":false},"excerpt":{"rendered":"<p>T\u00f6dliche Verletzungen zogen sich nach einem Zusammensto\u00df zweier Pkw, am Sonntagnachmittag, um 15.20 Uhr, ein 80 Jahre alter Pkw-Lenker sowie<\/p>\n","protected":false},"author":1,"featured_media":375,"comment_status":"open","ping_status":"open","sticky":false,"template":"","format":"standard","meta":{"_monsterinsights_skip_tracking":false,"_monsterinsights_sitenote_active":false,"_monsterinsights_sitenote_note":"","_monsterinsights_sitenote_category":0,"footnotes":""},"categories":[217,88],"tags":[363,366,364,44,83,140,365,367],"_links":{"self":[{"href":"http:\/\/www.goldstadt-tv.de\/index.php\/wp-json\/wp\/v2\/posts\/374"}],"collection":[{"href":"http:\/\/www.goldstadt-tv.de\/index.php\/wp-json\/wp\/v2\/posts"}],"about":[{"href":"http:\/\/www.goldstadt-tv.de\/index.php\/wp-json\/wp\/v2\/types\/post"}],"author":[{"embeddable":true,"href":"http:\/\/www.goldstadt-tv.de\/index.php\/wp-json\/wp\/v2\/users\/1"}],"replies":[{"embeddable":true,"href":"http:\/\/www.goldstadt-tv.de\/index.php\/wp-json\/wp\/v2\/comments?post=374"}],"version-history":[{"count":0,"href":"http:\/\/www.goldstadt-tv.de\/index.php\/wp-json\/wp\/v2\/posts\/374\/revisions"}],"wp:featuredmedia":[{"embeddable":true,"href":"http:\/\/www.goldstadt-tv.de\/index.php\/wp-json\/wp\/v2\/media\/375"}],"wp:attachment":[{"href":"http:\/\/www.goldstadt-tv.de\/index.php\/wp-json\/wp\/v2\/media?parent=374"}],"wp:term":[{"taxonomy":"category","embeddable":true,"href":"http:\/\/www.goldstadt-tv.de\/index.php\/wp-json\/wp\/v2\/categories?post=374"},{"taxonomy":"post_tag","embeddable":true,"href":"http:\/\/www.goldstadt-tv.de\/index.php\/wp-json\/wp\/v2\/tags?post=374"}],"curies":[{"name":"wp","href":"https:\/\/api.w.org\/{rel}","templated":true}]}}