{"id":370,"date":"2016-05-08T06:09:21","date_gmt":"2016-05-08T06:09:21","guid":{"rendered":"http:\/\/www.goldstadt-tv.de\/?p=370"},"modified":"2016-05-08T06:11:59","modified_gmt":"2016-05-08T06:11:59","slug":"pforzheim-unfall-an-der-kf-13-jaehriges-maedchen-angefahren-07-05-2016","status":"publish","type":"post","link":"http:\/\/www.goldstadt-tv.de\/index.php\/2016\/05\/08\/pforzheim-unfall-an-der-kf-13-jaehriges-maedchen-angefahren-07-05-2016\/","title":{"rendered":"Pforzheim: Unfall an der KF &#8211; 13-j\u00e4hriges M\u00e4dchen angefahren &#8211; 07.05.2016"},"content":{"rendered":"<p>Ungl\u00fccklich die \u202aStra\u00dfe\u202c \u00fcberquert hat kurz vor 15 Uhr ein 13-j\u00e4hriges M\u00e4dchen in der Innenstadt. Aus noch nicht gekl\u00e4rter Ursache wurde das M\u00e4dchen in der \u202aKaiser\u202c-Friedrich-Stra\u00dfe von einem PKW erfasst und so schwer verletzt, dass es mit dem \u202aRettungsdienst\u202c in die Kinderklinik gefahren werden musste. Zu genauen Verletzungen des M\u00e4dchens sowie \u00fcber den Unfallhergang konnte die Polizei am Einsatzort noch keine Informationen geben. Die KF war in H\u00f6he der \u202aUnfallstelle\u202c nur einspurig befahrbar.<\/p>\n<p><strong>Meldet Unf\u00e4lle, Br\u00e4nde und andere Ereignisse anonym rund um die Uhr per Anruf, SMS oder WhatsApp an 0176\/ 459 179 02!<\/strong><\/p>\n","protected":false},"excerpt":{"rendered":"<p>Ungl\u00fccklich die \u202aStra\u00dfe\u202c \u00fcberquert hat kurz vor 15 Uhr ein 13-j\u00e4hriges M\u00e4dchen in der Innenstadt. Aus noch nicht gekl\u00e4rter Ursache<\/p>\n","protected":false},"author":1,"featured_media":371,"comment_status":"open","ping_status":"open","sticky":false,"template":"","format":"standard","meta":{"_monsterinsights_skip_tracking":false,"_monsterinsights_sitenote_active":false,"_monsterinsights_sitenote_note":"","_monsterinsights_sitenote_category":0,"footnotes":""},"categories":[40,88],"tags":[360,157,358,362,359,44,361,83],"_links":{"self":[{"href":"http:\/\/www.goldstadt-tv.de\/index.php\/wp-json\/wp\/v2\/posts\/370"}],"collection":[{"href":"http:\/\/www.goldstadt-tv.de\/index.php\/wp-json\/wp\/v2\/posts"}],"about":[{"href":"http:\/\/www.goldstadt-tv.de\/index.php\/wp-json\/wp\/v2\/types\/post"}],"author":[{"embeddable":true,"href":"http:\/\/www.goldstadt-tv.de\/index.php\/wp-json\/wp\/v2\/users\/1"}],"replies":[{"embeddable":true,"href":"http:\/\/www.goldstadt-tv.de\/index.php\/wp-json\/wp\/v2\/comments?post=370"}],"version-history":[{"count":0,"href":"http:\/\/www.goldstadt-tv.de\/index.php\/wp-json\/wp\/v2\/posts\/370\/revisions"}],"wp:featuredmedia":[{"embeddable":true,"href":"http:\/\/www.goldstadt-tv.de\/index.php\/wp-json\/wp\/v2\/media\/371"}],"wp:attachment":[{"href":"http:\/\/www.goldstadt-tv.de\/index.php\/wp-json\/wp\/v2\/media?parent=370"}],"wp:term":[{"taxonomy":"category","embeddable":true,"href":"http:\/\/www.goldstadt-tv.de\/index.php\/wp-json\/wp\/v2\/categories?post=370"},{"taxonomy":"post_tag","embeddable":true,"href":"http:\/\/www.goldstadt-tv.de\/index.php\/wp-json\/wp\/v2\/tags?post=370"}],"curies":[{"name":"wp","href":"https:\/\/api.w.org\/{rel}","templated":true}]}}