{"id":367,"date":"2016-05-03T18:38:08","date_gmt":"2016-05-03T18:38:08","guid":{"rendered":"http:\/\/www.goldstadt-tv.de\/?p=367"},"modified":"2016-05-03T18:38:08","modified_gmt":"2016-05-03T18:38:08","slug":"pforzheim-zwei-schwerverletzte-nach-unfall-auf-der-kreuzung-habermehlstr-kirchenstr-03-05-2015","status":"publish","type":"post","link":"http:\/\/www.goldstadt-tv.de\/index.php\/2016\/05\/03\/pforzheim-zwei-schwerverletzte-nach-unfall-auf-der-kreuzung-habermehlstr-kirchenstr-03-05-2015\/","title":{"rendered":"Pforzheim: Zwei Schwerverletzte nach Unfall auf der Kreuzung Habermehlstr.\/Kirchenstr. &#8211; 03.05.2015"},"content":{"rendered":"<p>Am 03.05.2016, gegen 15.50 Uhr befuhr eine 40-j\u00e4hrige PKW-Lenkerin in Pforzheim die Kirchenstra\u00dfe in Richtung Habermehlstra\u00dfe. Die PKW-Lenkerin wollte die Kreuzung Kirchen-\/Habermehlstra\u00dfe geradeaus \u00fcberqueren, hierbei mi\u00dfachtete sie das Rotlicht der Lichtzeichenanlage und stie\u00df mit einer auf der Habermehlstra\u00dfe fahrenden 57-j\u00e4hrigen PKW-Lenkerin zusammen. Durch den Aufprall wurden beide Fahrzeuge nach rechts verschoben und prallten gegen den PKW eines 33-j\u00e4hrigen PKW-Lenkters. Bei dem Unfall wurden die beiden PKW-Lenkerin schwer verletzt und wurden ins Krankenhaus eingeliefert. Der PKW-F\u00fchrer wurde leicht verletzt. Alle drei Fahrzeug mu\u00dften abgeschleppt werden.<\/p>\n<p><a data-flickr-embed=\"true\" data-footer=\"true\"  href=\"https:\/\/www.flickr.com\/photos\/goldstadttv\/albums\/72157667724007341\" title=\"Pforzheim: VU Habermehlstr\/Kirchenstr. - 03.05.2016\"><img loading=\"lazy\" decoding=\"async\" src=\"https:\/\/farm8.staticflickr.com\/7003\/26730112581_86491b7bc1_b.jpg\" width=\"1024\" height=\"683\" alt=\"Pforzheim: VU Habermehlstr\/Kirchenstr. - 03.05.2016\"><\/a><script async src=\"\/\/embedr.flickr.com\/assets\/client-code.js\" charset=\"utf-8\"><\/script><\/p>\n","protected":false},"excerpt":{"rendered":"<p>Am 03.05.2016, gegen 15.50 Uhr befuhr eine 40-j\u00e4hrige PKW-Lenkerin in Pforzheim die Kirchenstra\u00dfe in Richtung Habermehlstra\u00dfe. Die PKW-Lenkerin wollte die<\/p>\n","protected":false},"author":1,"featured_media":368,"comment_status":"open","ping_status":"open","sticky":false,"template":"","format":"standard","meta":{"_monsterinsights_skip_tracking":false,"_monsterinsights_sitenote_active":false,"_monsterinsights_sitenote_note":"","_monsterinsights_sitenote_category":0,"footnotes":""},"categories":[42,40,88],"tags":[356,357,282,44,83,140],"_links":{"self":[{"href":"http:\/\/www.goldstadt-tv.de\/index.php\/wp-json\/wp\/v2\/posts\/367"}],"collection":[{"href":"http:\/\/www.goldstadt-tv.de\/index.php\/wp-json\/wp\/v2\/posts"}],"about":[{"href":"http:\/\/www.goldstadt-tv.de\/index.php\/wp-json\/wp\/v2\/types\/post"}],"author":[{"embeddable":true,"href":"http:\/\/www.goldstadt-tv.de\/index.php\/wp-json\/wp\/v2\/users\/1"}],"replies":[{"embeddable":true,"href":"http:\/\/www.goldstadt-tv.de\/index.php\/wp-json\/wp\/v2\/comments?post=367"}],"version-history":[{"count":0,"href":"http:\/\/www.goldstadt-tv.de\/index.php\/wp-json\/wp\/v2\/posts\/367\/revisions"}],"wp:featuredmedia":[{"embeddable":true,"href":"http:\/\/www.goldstadt-tv.de\/index.php\/wp-json\/wp\/v2\/media\/368"}],"wp:attachment":[{"href":"http:\/\/www.goldstadt-tv.de\/index.php\/wp-json\/wp\/v2\/media?parent=367"}],"wp:term":[{"taxonomy":"category","embeddable":true,"href":"http:\/\/www.goldstadt-tv.de\/index.php\/wp-json\/wp\/v2\/categories?post=367"},{"taxonomy":"post_tag","embeddable":true,"href":"http:\/\/www.goldstadt-tv.de\/index.php\/wp-json\/wp\/v2\/tags?post=367"}],"curies":[{"name":"wp","href":"https:\/\/api.w.org\/{rel}","templated":true}]}}