{"id":357,"date":"2016-04-23T09:58:33","date_gmt":"2016-04-23T09:58:33","guid":{"rendered":"http:\/\/www.goldstadt-tv.de\/?p=357"},"modified":"2016-04-23T09:58:33","modified_gmt":"2016-04-23T09:58:33","slug":"karlsruhe-brand-auf-dem-dach-der-stadtwerke-karlsruhe-23-04-2016","status":"publish","type":"post","link":"http:\/\/www.goldstadt-tv.de\/index.php\/2016\/04\/23\/karlsruhe-brand-auf-dem-dach-der-stadtwerke-karlsruhe-23-04-2016\/","title":{"rendered":"Karlsruhe: Brand auf dem Dach der Stadtwerke Karlsruhe &#8211; 23.04.2016"},"content":{"rendered":"<p>Zu einem Brand auf dem Dach der Stadtwerke Karlsruhe kam es heute Morgen gegen 10 Uhr. Die hinzugezogene Feuerwehr l\u00f6schte beseitigte das Feuer schnell und \u00fcberpr\u00fcfte das Dach mit Hilfe von Hebeb\u00fchnen auf eventuell verbliebene Glutnester. Gegen 10:46 Uhr wurde der Feuerwehreinsatz beendet. Was genau auf dem Dach gebrannt hat und wie hoch der Schaden ist, ist bislang nicht bekannt.<\/p>\n<p><a data-flickr-embed=\"true\"  href=\"https:\/\/www.flickr.com\/photos\/139657512@N08\/albums\/72157667345580891\" title=\"\u00d6 - Stadtwerke Karlsruhe - 23.04.2016\"><img loading=\"lazy\" decoding=\"async\" src=\"https:\/\/farm2.staticflickr.com\/1556\/25987914013_2544f5fa2f_b.jpg\" width=\"1024\" height=\"685\" alt=\"\u00d6 - Stadtwerke Karlsruhe - 23.04.2016\"><\/a><script async src=\"\/\/embedr.flickr.com\/assets\/client-code.js\" charset=\"utf-8\"><\/script><\/p>\n","protected":false},"excerpt":{"rendered":"<p>Zu einem Brand auf dem Dach der Stadtwerke Karlsruhe kam es heute Morgen gegen 10 Uhr. Die hinzugezogene Feuerwehr l\u00f6schte<\/p>\n","protected":false},"author":1,"featured_media":358,"comment_status":"open","ping_status":"open","sticky":false,"template":"","format":"standard","meta":{"_monsterinsights_skip_tracking":false,"_monsterinsights_sitenote_active":false,"_monsterinsights_sitenote_note":"","_monsterinsights_sitenote_category":0,"footnotes":""},"categories":[42,41,2],"tags":[59,47,351,46,350],"_links":{"self":[{"href":"http:\/\/www.goldstadt-tv.de\/index.php\/wp-json\/wp\/v2\/posts\/357"}],"collection":[{"href":"http:\/\/www.goldstadt-tv.de\/index.php\/wp-json\/wp\/v2\/posts"}],"about":[{"href":"http:\/\/www.goldstadt-tv.de\/index.php\/wp-json\/wp\/v2\/types\/post"}],"author":[{"embeddable":true,"href":"http:\/\/www.goldstadt-tv.de\/index.php\/wp-json\/wp\/v2\/users\/1"}],"replies":[{"embeddable":true,"href":"http:\/\/www.goldstadt-tv.de\/index.php\/wp-json\/wp\/v2\/comments?post=357"}],"version-history":[{"count":0,"href":"http:\/\/www.goldstadt-tv.de\/index.php\/wp-json\/wp\/v2\/posts\/357\/revisions"}],"wp:featuredmedia":[{"embeddable":true,"href":"http:\/\/www.goldstadt-tv.de\/index.php\/wp-json\/wp\/v2\/media\/358"}],"wp:attachment":[{"href":"http:\/\/www.goldstadt-tv.de\/index.php\/wp-json\/wp\/v2\/media?parent=357"}],"wp:term":[{"taxonomy":"category","embeddable":true,"href":"http:\/\/www.goldstadt-tv.de\/index.php\/wp-json\/wp\/v2\/categories?post=357"},{"taxonomy":"post_tag","embeddable":true,"href":"http:\/\/www.goldstadt-tv.de\/index.php\/wp-json\/wp\/v2\/tags?post=357"}],"curies":[{"name":"wp","href":"https:\/\/api.w.org\/{rel}","templated":true}]}}